{"id":660,"date":"2015-09-15T10:33:59","date_gmt":"2015-09-15T15:33:59","guid":{"rendered":"http:\/\/etn.com.mx\/blog\/?p=660"},"modified":"2015-09-28T17:20:40","modified_gmt":"2015-09-28T22:20:40","slug":"fashion-weekend-guadalajara","status":"publish","type":"post","link":"https:\/\/etn.com.mx\/blog\/fashion-weekend-guadalajara\/","title":{"rendered":"Fashion Weekend Guadalajara"},"content":{"rendered":"<p style=\"text-align: justify\">Siendo una marca de lujo y que esta a la vanguardia decidimos participar en el evento de moda <a href=\"http:\/\/fashionweekend.mx\/\">Fashion Weekend<\/a>\u00a0en la ciudad de Guadalajara que se celebro los d\u00edas 11 y 12 de Septiembre. Un evento que naci\u00f3 gracias al \u00e9xito de <a href=\"http:\/\/fashionweek.mx\/\">Fashion Week<\/a>\u00a0que se lleva a cabo en la ciudad de M\u00e9xico desde \u00a02007, hoy por hoy siendo el evento de moda mas importante del Pa\u00eds. Sin embargo el Fashion Weekend no se queda atr\u00e1s, haciendo de un fin de semana com\u00fan, uno glamuroso lleno de celebridades, medios, influencers y por supuesto moda<\/p>\n<p style=\"text-align: justify\"><img fetchpriority=\"high\" decoding=\"async\" class=\" wp-image-663 alignleft\" src=\"http:\/\/etn.com.mx\/blog\/wp-content\/uploads\/2015\/09\/dpfashion-300x157.png\" alt=\"dpfashion\" width=\"468\" height=\"252\" \/><\/p>\n<p style=\"text-align: center\">celebridades y prensa abordo del doble piso.<\/p>\n<p>&nbsp;<\/p>\n<p>&nbsp;<\/p>\n<p>&nbsp;<\/p>\n<p>&nbsp;<\/p>\n<p>&nbsp;<\/p>\n<p style=\"text-align: center\"><a href=\"http:\/\/etn.com.mx\/blog\/wp-content\/uploads\/2015\/09\/modelo-etn.png\"><img decoding=\"async\" class=\"wp-image-665 alignleft\" src=\"http:\/\/etn.com.mx\/blog\/wp-content\/uploads\/2015\/09\/modelo-etn-300x230.png\" alt=\"modelo etn\" width=\"369\" height=\"286\" \/><\/a><\/p>\n<p style=\"text-align: center\">Pasarela de las dise\u00f1adoras Mexicanas<\/p>\n<p style=\"text-align: center\">Julia y Renata<\/p>\n<p style=\"text-align: justify\">El evento cont\u00f3 con 3 grandes dise\u00f1adores Julia y Renata, Alexia Ulibarri y \u00a0cerrando la pasarela Benito Santos. ETN Turistar Lujo siendo el autob\u00fas oficial \u00a0transporto a las bellas modelos al igual que a las celebridades y medios. El d\u00eda viernes 11, se realizo el c\u00f3ctel de bienvenida en el Hotel Demetria donde los asistentes adem\u00e1s de conocer las instalaciones del hotel degustaron de una gran variedad de c\u00f3cteles a base de tequila y deliciosos canap\u00e9s. El d\u00eda del gran evento se realizo en Desfilia un lugar especializado para realizar pasarelas y eventos de moda al que asistieron fan\u00e1ticos del mundo de las tendencias y el dise\u00f1o as\u00ed como celebridades del medio, contando con la asistencia de <a href=\"https:\/\/es.wikipedia.org\/wiki\/Ximena_Navarrete\">Ximena Navarrete<\/a> Miss Universo 2010 ahora actriz y conductora, \u00a0un hito de la moda en M\u00e9xico. Al concluir las pasarelas se realizo un after party donde los asistentes disfrutaron de la m\u00fasica y ex\u00f3ticos c\u00f3cteles.<\/p>\n<p style=\"text-align: justify\"><a href=\"http:\/\/etn.com.mx\/blog\/wp-content\/uploads\/2015\/09\/ximena-fw.png\"><img decoding=\"async\" class=\"wp-image-669 aligncenter\" src=\"http:\/\/etn.com.mx\/blog\/wp-content\/uploads\/2015\/09\/ximena-fw-300x230.png\" alt=\"ximena fw\" width=\"388\" height=\"301\" \/><\/a><\/p>\n<p style=\"text-align: justify\"><a href=\"http:\/\/etn.com.mx\/blog\/wp-content\/uploads\/2015\/09\/dp-fashion.png\"><img loading=\"lazy\" decoding=\"async\" class=\"wp-image-670 aligncenter\" src=\"http:\/\/etn.com.mx\/blog\/wp-content\/uploads\/2015\/09\/dp-fashion-300x198.png\" alt=\"dp fashion\" width=\"403\" height=\"269\" \/><\/a><\/p>\n","protected":false},"excerpt":{"rendered":"<p>Siendo una marca de lujo y que esta a la vanguardia decidimos participar en el evento de moda Fashion Weekend\u00a0en la ciudad de Guadalajara que se celebro los d\u00edas 11 y 12 de Septiembre. Un evento que naci\u00f3 gracias al \u00e9xito de Fashion Week\u00a0que se lleva a cabo en la ciudad de M\u00e9xico desde \u00a02007, hoy por hoy siendo el evento de moda mas importante del Pa\u00eds. Sin embargo el Fashion Weekend no se queda atr\u00e1s, haciendo de un fin de semana com\u00fan, uno glamuroso lleno de celebridades, medios, influencers y por supuesto moda celebridades y prensa abordo del doble piso. &nbsp; &nbsp; &nbsp; &nbsp; &nbsp; Pasarela de las dise\u00f1adoras Mexicanas Julia y Renata El evento cont\u00f3 con 3 grandes dise\u00f1adores Julia y Renata, Alexia Ulibarri y \u00a0cerrando la pasarela Benito Santos. ETN Turistar Lujo siendo el autob\u00fas oficial \u00a0transporto a las bellas modelos al igual que a las celebridades y medios. El d\u00eda viernes 11, se realizo el c\u00f3ctel de bienvenida en el Hotel Demetria donde los asistentes adem\u00e1s de conocer las instalaciones del hotel degustaron de una gran variedad de c\u00f3cteles a base de tequila y deliciosos canap\u00e9s. El d\u00eda del gran evento se realizo en Desfilia un lugar especializado para realizar pasarelas y eventos de moda al que asistieron fan\u00e1ticos del mundo de las tendencias y el dise\u00f1o as\u00ed como celebridades del medio, contando con la asistencia de Ximena Navarrete Miss Universo 2010 ahora actriz y conductora, \u00a0un hito de la moda en M\u00e9xico. Al concluir las pasarelas se realizo un after party donde los asistentes disfrutaron de la m\u00fasica y ex\u00f3ticos c\u00f3cteles.<\/p>\n","protected":false},"author":1,"featured_media":662,"comment_status":"open","ping_status":"closed","sticky":false,"template":"","format":"standard","meta":{"neve_meta_sidebar":"","neve_meta_container":"","neve_meta_enable_content_width":"","neve_meta_content_width":0,"neve_meta_title_alignment":"","neve_meta_author_avatar":"","neve_post_elements_order":"","neve_meta_disable_header":"","neve_meta_disable_footer":"","neve_meta_disable_title":"","footnotes":""},"categories":[3,46],"tags":[82,101,102,99,98,97,100,103],"class_list":["post-660","post","type-post","status-publish","format-standard","has-post-thumbnail","hentry","category-destinos","category-etn-turistar","tag-destino","tag-disenadores-latinos","tag-evento-de-moda","tag-fashion-week","tag-fashion-weekend","tag-guadalajara","tag-moda","tag-modelos"],"yoast_head":"<!-- This site is optimized with the Yoast SEO plugin v27.4 - https:\/\/yoast.com\/product\/yoast-seo-wordpress\/ -->\n<title>Fashion Weekend Guadalajara - Blog ETN Turistar<\/title>\n<meta name=\"description\" content=\"Fashion Weekend Guadalajara Blog ETN Turistar\" \/>\n<meta name=\"robots\" content=\"index, follow, max-snippet:-1, max-image-preview:large, max-video-preview:-1\" \/>\n<link rel=\"canonical\" href=\"https:\/\/etn.com.mx\/blog\/fashion-weekend-guadalajara\/\" \/>\n<meta property=\"og:locale\" content=\"es_ES\" \/>\n<meta property=\"og:type\" content=\"article\" \/>\n<meta property=\"og:title\" content=\"Fashion Weekend Guadalajara - Blog ETN Turistar\" \/>\n<meta property=\"og:description\" content=\"Fashion Weekend Guadalajara Blog ETN Turistar\" \/>\n<meta property=\"og:url\" content=\"https:\/\/etn.com.mx\/blog\/fashion-weekend-guadalajara\/\" \/>\n<meta property=\"og:site_name\" content=\"Blog ETN Turistar\" \/>\n<meta property=\"article:publisher\" content=\"https:\/\/www.facebook.com\/etnturistar\/\" \/>\n<meta property=\"article:published_time\" content=\"2015-09-15T15:33:59+00:00\" \/>\n<meta property=\"article:modified_time\" content=\"2015-09-28T22:20:40+00:00\" \/>\n<meta property=\"og:image\" content=\"https:\/\/etn.com.mx\/blog\/wp-content\/uploads\/2015\/09\/fashionetn.png\" \/>\n\t<meta property=\"og:image:width\" content=\"665\" \/>\n\t<meta property=\"og:image:height\" content=\"299\" \/>\n\t<meta property=\"og:image:type\" content=\"image\/png\" \/>\n<meta name=\"author\" content=\"ETN Turistar\" \/>\n<meta name=\"twitter:card\" content=\"summary_large_image\" \/>\n<meta name=\"twitter:creator\" content=\"@ETNTURISTAR\" \/>\n<meta name=\"twitter:site\" content=\"@ETNTURISTAR\" \/>\n<meta name=\"twitter:label1\" content=\"Escrito por\" \/>\n\t<meta name=\"twitter:data1\" content=\"ETN Turistar\" \/>\n\t<meta name=\"twitter:label2\" content=\"Tiempo de lectura\" \/>\n\t<meta name=\"twitter:data2\" content=\"1 minuto\" \/>\n<script type=\"application\/ld+json\" class=\"yoast-schema-graph\">{\"@context\":\"https:\\\/\\\/schema.org\",\"@graph\":[{\"@type\":\"Article\",\"@id\":\"https:\\\/\\\/etn.com.mx\\\/blog\\\/fashion-weekend-guadalajara\\\/#article\",\"isPartOf\":{\"@id\":\"https:\\\/\\\/etn.com.mx\\\/blog\\\/fashion-weekend-guadalajara\\\/\"},\"author\":{\"name\":\"ETN Turistar\",\"@id\":\"https:\\\/\\\/etn.com.mx\\\/blog\\\/#\\\/schema\\\/person\\\/2dd4ef2d2ed40cf1379ed17eefc34c46\"},\"headline\":\"Fashion Weekend Guadalajara\",\"datePublished\":\"2015-09-15T15:33:59+00:00\",\"dateModified\":\"2015-09-28T22:20:40+00:00\",\"mainEntityOfPage\":{\"@id\":\"https:\\\/\\\/etn.com.mx\\\/blog\\\/fashion-weekend-guadalajara\\\/\"},\"wordCount\":285,\"commentCount\":0,\"publisher\":{\"@id\":\"https:\\\/\\\/etn.com.mx\\\/blog\\\/#organization\"},\"image\":{\"@id\":\"https:\\\/\\\/etn.com.mx\\\/blog\\\/fashion-weekend-guadalajara\\\/#primaryimage\"},\"thumbnailUrl\":\"https:\\\/\\\/etn.com.mx\\\/blog\\\/wp-content\\\/uploads\\\/2015\\\/09\\\/fashionetn.png\",\"keywords\":[\"Destino\",\"dise\u00f1adores latinos\",\"evento de moda\",\"fashion week\",\"fashion weekend\",\"Guadalajara\",\"moda\",\"modelos\"],\"articleSection\":[\"Destinos\",\"ETN Turistar\"],\"inLanguage\":\"es\",\"potentialAction\":[{\"@type\":\"CommentAction\",\"name\":\"Comment\",\"target\":[\"https:\\\/\\\/etn.com.mx\\\/blog\\\/fashion-weekend-guadalajara\\\/#respond\"]}]},{\"@type\":\"WebPage\",\"@id\":\"https:\\\/\\\/etn.com.mx\\\/blog\\\/fashion-weekend-guadalajara\\\/\",\"url\":\"https:\\\/\\\/etn.com.mx\\\/blog\\\/fashion-weekend-guadalajara\\\/\",\"name\":\"Fashion Weekend Guadalajara - Blog ETN Turistar\",\"isPartOf\":{\"@id\":\"https:\\\/\\\/etn.com.mx\\\/blog\\\/#website\"},\"primaryImageOfPage\":{\"@id\":\"https:\\\/\\\/etn.com.mx\\\/blog\\\/fashion-weekend-guadalajara\\\/#primaryimage\"},\"image\":{\"@id\":\"https:\\\/\\\/etn.com.mx\\\/blog\\\/fashion-weekend-guadalajara\\\/#primaryimage\"},\"thumbnailUrl\":\"https:\\\/\\\/etn.com.mx\\\/blog\\\/wp-content\\\/uploads\\\/2015\\\/09\\\/fashionetn.png\",\"datePublished\":\"2015-09-15T15:33:59+00:00\",\"dateModified\":\"2015-09-28T22:20:40+00:00\",\"description\":\"Fashion Weekend Guadalajara Blog ETN Turistar\",\"breadcrumb\":{\"@id\":\"https:\\\/\\\/etn.com.mx\\\/blog\\\/fashion-weekend-guadalajara\\\/#breadcrumb\"},\"inLanguage\":\"es\",\"potentialAction\":[{\"@type\":\"ReadAction\",\"target\":[\"https:\\\/\\\/etn.com.mx\\\/blog\\\/fashion-weekend-guadalajara\\\/\"]}]},{\"@type\":\"ImageObject\",\"inLanguage\":\"es\",\"@id\":\"https:\\\/\\\/etn.com.mx\\\/blog\\\/fashion-weekend-guadalajara\\\/#primaryimage\",\"url\":\"https:\\\/\\\/etn.com.mx\\\/blog\\\/wp-content\\\/uploads\\\/2015\\\/09\\\/fashionetn.png\",\"contentUrl\":\"https:\\\/\\\/etn.com.mx\\\/blog\\\/wp-content\\\/uploads\\\/2015\\\/09\\\/fashionetn.png\",\"width\":665,\"height\":299},{\"@type\":\"BreadcrumbList\",\"@id\":\"https:\\\/\\\/etn.com.mx\\\/blog\\\/fashion-weekend-guadalajara\\\/#breadcrumb\",\"itemListElement\":[{\"@type\":\"ListItem\",\"position\":1,\"name\":\"Inicio Blog\",\"item\":\"https:\\\/\\\/etn.com.mx\\\/blog\\\/\"},{\"@type\":\"ListItem\",\"position\":2,\"name\":\"Destinos\",\"item\":\"https:\\\/\\\/etn.com.mx\\\/blog\\\/category\\\/destinos\\\/\"},{\"@type\":\"ListItem\",\"position\":3,\"name\":\"Fashion Weekend Guadalajara\"}]},{\"@type\":\"WebSite\",\"@id\":\"https:\\\/\\\/etn.com.mx\\\/blog\\\/#website\",\"url\":\"https:\\\/\\\/etn.com.mx\\\/blog\\\/\",\"name\":\"Blog ETN\",\"description\":\"Blog ETN L\u00ednea de Autobuses de lujo con destinos a M\u00e9xico, Guadalajara, Morelia, Le\u00f3n, Quer\u00e9taro, San Luis Potos\u00ed, Monterrey, Acapulco y 24 estados de la rep\u00fablica.\",\"publisher\":{\"@id\":\"https:\\\/\\\/etn.com.mx\\\/blog\\\/#organization\"},\"alternateName\":\"Autobuses ETN Turistar\",\"potentialAction\":[{\"@type\":\"SearchAction\",\"target\":{\"@type\":\"EntryPoint\",\"urlTemplate\":\"https:\\\/\\\/etn.com.mx\\\/blog\\\/?s={search_term_string}\"},\"query-input\":{\"@type\":\"PropertyValueSpecification\",\"valueRequired\":true,\"valueName\":\"search_term_string\"}}],\"inLanguage\":\"es\"},{\"@type\":\"Organization\",\"@id\":\"https:\\\/\\\/etn.com.mx\\\/blog\\\/#organization\",\"name\":\"ETN Turistar Lujo\",\"alternateName\":\"Boletos de autobus ETN\",\"url\":\"https:\\\/\\\/etn.com.mx\\\/blog\\\/\",\"logo\":{\"@type\":\"ImageObject\",\"inLanguage\":\"es\",\"@id\":\"https:\\\/\\\/etn.com.mx\\\/blog\\\/#\\\/schema\\\/logo\\\/image\\\/\",\"url\":\"https:\\\/\\\/etn.com.mx\\\/blog\\\/wp-content\\\/uploads\\\/2023\\\/07\\\/logo-etnturistar.png\",\"contentUrl\":\"https:\\\/\\\/etn.com.mx\\\/blog\\\/wp-content\\\/uploads\\\/2023\\\/07\\\/logo-etnturistar.png\",\"width\":495,\"height\":52,\"caption\":\"ETN Turistar Lujo\"},\"image\":{\"@id\":\"https:\\\/\\\/etn.com.mx\\\/blog\\\/#\\\/schema\\\/logo\\\/image\\\/\"},\"sameAs\":[\"https:\\\/\\\/www.facebook.com\\\/etnturistar\\\/\",\"https:\\\/\\\/x.com\\\/ETNTURISTAR\"]},{\"@type\":\"Person\",\"@id\":\"https:\\\/\\\/etn.com.mx\\\/blog\\\/#\\\/schema\\\/person\\\/2dd4ef2d2ed40cf1379ed17eefc34c46\",\"name\":\"ETN Turistar\",\"image\":{\"@type\":\"ImageObject\",\"inLanguage\":\"es\",\"@id\":\"https:\\\/\\\/secure.gravatar.com\\\/avatar\\\/d28cf80567344d817834c5fde3f70d38bd14ccbb70ee9d2980029e2d6c5bb051?s=96&d=mm&r=g\",\"url\":\"https:\\\/\\\/secure.gravatar.com\\\/avatar\\\/d28cf80567344d817834c5fde3f70d38bd14ccbb70ee9d2980029e2d6c5bb051?s=96&d=mm&r=g\",\"contentUrl\":\"https:\\\/\\\/secure.gravatar.com\\\/avatar\\\/d28cf80567344d817834c5fde3f70d38bd14ccbb70ee9d2980029e2d6c5bb051?s=96&d=mm&r=g\",\"caption\":\"ETN Turistar\"},\"url\":\"https:\\\/\\\/etn.com.mx\\\/blog\\\/author\\\/webmaster\\\/\"}]}<\/script>\n<!-- \/ Yoast SEO plugin. -->","yoast_head_json":{"title":"Fashion Weekend Guadalajara - Blog ETN Turistar","description":"Fashion Weekend Guadalajara Blog ETN Turistar","robots":{"index":"index","follow":"follow","max-snippet":"max-snippet:-1","max-image-preview":"max-image-preview:large","max-video-preview":"max-video-preview:-1"},"canonical":"https:\/\/etn.com.mx\/blog\/fashion-weekend-guadalajara\/","og_locale":"es_ES","og_type":"article","og_title":"Fashion Weekend Guadalajara - Blog ETN Turistar","og_description":"Fashion Weekend Guadalajara Blog ETN Turistar","og_url":"https:\/\/etn.com.mx\/blog\/fashion-weekend-guadalajara\/","og_site_name":"Blog ETN Turistar","article_publisher":"https:\/\/www.facebook.com\/etnturistar\/","article_published_time":"2015-09-15T15:33:59+00:00","article_modified_time":"2015-09-28T22:20:40+00:00","og_image":[{"width":665,"height":299,"url":"https:\/\/etn.com.mx\/blog\/wp-content\/uploads\/2015\/09\/fashionetn.png","type":"image\/png"}],"author":"ETN Turistar","twitter_card":"summary_large_image","twitter_creator":"@ETNTURISTAR","twitter_site":"@ETNTURISTAR","twitter_misc":{"Escrito por":"ETN Turistar","Tiempo de lectura":"1 minuto"},"schema":{"@context":"https:\/\/schema.org","@graph":[{"@type":"Article","@id":"https:\/\/etn.com.mx\/blog\/fashion-weekend-guadalajara\/#article","isPartOf":{"@id":"https:\/\/etn.com.mx\/blog\/fashion-weekend-guadalajara\/"},"author":{"name":"ETN Turistar","@id":"https:\/\/etn.com.mx\/blog\/#\/schema\/person\/2dd4ef2d2ed40cf1379ed17eefc34c46"},"headline":"Fashion Weekend Guadalajara","datePublished":"2015-09-15T15:33:59+00:00","dateModified":"2015-09-28T22:20:40+00:00","mainEntityOfPage":{"@id":"https:\/\/etn.com.mx\/blog\/fashion-weekend-guadalajara\/"},"wordCount":285,"commentCount":0,"publisher":{"@id":"https:\/\/etn.com.mx\/blog\/#organization"},"image":{"@id":"https:\/\/etn.com.mx\/blog\/fashion-weekend-guadalajara\/#primaryimage"},"thumbnailUrl":"https:\/\/etn.com.mx\/blog\/wp-content\/uploads\/2015\/09\/fashionetn.png","keywords":["Destino","dise\u00f1adores latinos","evento de moda","fashion week","fashion weekend","Guadalajara","moda","modelos"],"articleSection":["Destinos","ETN Turistar"],"inLanguage":"es","potentialAction":[{"@type":"CommentAction","name":"Comment","target":["https:\/\/etn.com.mx\/blog\/fashion-weekend-guadalajara\/#respond"]}]},{"@type":"WebPage","@id":"https:\/\/etn.com.mx\/blog\/fashion-weekend-guadalajara\/","url":"https:\/\/etn.com.mx\/blog\/fashion-weekend-guadalajara\/","name":"Fashion Weekend Guadalajara - Blog ETN Turistar","isPartOf":{"@id":"https:\/\/etn.com.mx\/blog\/#website"},"primaryImageOfPage":{"@id":"https:\/\/etn.com.mx\/blog\/fashion-weekend-guadalajara\/#primaryimage"},"image":{"@id":"https:\/\/etn.com.mx\/blog\/fashion-weekend-guadalajara\/#primaryimage"},"thumbnailUrl":"https:\/\/etn.com.mx\/blog\/wp-content\/uploads\/2015\/09\/fashionetn.png","datePublished":"2015-09-15T15:33:59+00:00","dateModified":"2015-09-28T22:20:40+00:00","description":"Fashion Weekend Guadalajara Blog ETN Turistar","breadcrumb":{"@id":"https:\/\/etn.com.mx\/blog\/fashion-weekend-guadalajara\/#breadcrumb"},"inLanguage":"es","potentialAction":[{"@type":"ReadAction","target":["https:\/\/etn.com.mx\/blog\/fashion-weekend-guadalajara\/"]}]},{"@type":"ImageObject","inLanguage":"es","@id":"https:\/\/etn.com.mx\/blog\/fashion-weekend-guadalajara\/#primaryimage","url":"https:\/\/etn.com.mx\/blog\/wp-content\/uploads\/2015\/09\/fashionetn.png","contentUrl":"https:\/\/etn.com.mx\/blog\/wp-content\/uploads\/2015\/09\/fashionetn.png","width":665,"height":299},{"@type":"BreadcrumbList","@id":"https:\/\/etn.com.mx\/blog\/fashion-weekend-guadalajara\/#breadcrumb","itemListElement":[{"@type":"ListItem","position":1,"name":"Inicio Blog","item":"https:\/\/etn.com.mx\/blog\/"},{"@type":"ListItem","position":2,"name":"Destinos","item":"https:\/\/etn.com.mx\/blog\/category\/destinos\/"},{"@type":"ListItem","position":3,"name":"Fashion Weekend Guadalajara"}]},{"@type":"WebSite","@id":"https:\/\/etn.com.mx\/blog\/#website","url":"https:\/\/etn.com.mx\/blog\/","name":"Blog ETN","description":"Blog ETN L\u00ednea de Autobuses de lujo con destinos a M\u00e9xico, Guadalajara, Morelia, Le\u00f3n, Quer\u00e9taro, San Luis Potos\u00ed, Monterrey, Acapulco y 24 estados de la rep\u00fablica.","publisher":{"@id":"https:\/\/etn.com.mx\/blog\/#organization"},"alternateName":"Autobuses ETN Turistar","potentialAction":[{"@type":"SearchAction","target":{"@type":"EntryPoint","urlTemplate":"https:\/\/etn.com.mx\/blog\/?s={search_term_string}"},"query-input":{"@type":"PropertyValueSpecification","valueRequired":true,"valueName":"search_term_string"}}],"inLanguage":"es"},{"@type":"Organization","@id":"https:\/\/etn.com.mx\/blog\/#organization","name":"ETN Turistar Lujo","alternateName":"Boletos de autobus ETN","url":"https:\/\/etn.com.mx\/blog\/","logo":{"@type":"ImageObject","inLanguage":"es","@id":"https:\/\/etn.com.mx\/blog\/#\/schema\/logo\/image\/","url":"https:\/\/etn.com.mx\/blog\/wp-content\/uploads\/2023\/07\/logo-etnturistar.png","contentUrl":"https:\/\/etn.com.mx\/blog\/wp-content\/uploads\/2023\/07\/logo-etnturistar.png","width":495,"height":52,"caption":"ETN Turistar Lujo"},"image":{"@id":"https:\/\/etn.com.mx\/blog\/#\/schema\/logo\/image\/"},"sameAs":["https:\/\/www.facebook.com\/etnturistar\/","https:\/\/x.com\/ETNTURISTAR"]},{"@type":"Person","@id":"https:\/\/etn.com.mx\/blog\/#\/schema\/person\/2dd4ef2d2ed40cf1379ed17eefc34c46","name":"ETN Turistar","image":{"@type":"ImageObject","inLanguage":"es","@id":"https:\/\/secure.gravatar.com\/avatar\/d28cf80567344d817834c5fde3f70d38bd14ccbb70ee9d2980029e2d6c5bb051?s=96&d=mm&r=g","url":"https:\/\/secure.gravatar.com\/avatar\/d28cf80567344d817834c5fde3f70d38bd14ccbb70ee9d2980029e2d6c5bb051?s=96&d=mm&r=g","contentUrl":"https:\/\/secure.gravatar.com\/avatar\/d28cf80567344d817834c5fde3f70d38bd14ccbb70ee9d2980029e2d6c5bb051?s=96&d=mm&r=g","caption":"ETN Turistar"},"url":"https:\/\/etn.com.mx\/blog\/author\/webmaster\/"}]}},"_links":{"self":[{"href":"https:\/\/etn.com.mx\/blog\/wp-json\/wp\/v2\/posts\/660","targetHints":{"allow":["GET"]}}],"collection":[{"href":"https:\/\/etn.com.mx\/blog\/wp-json\/wp\/v2\/posts"}],"about":[{"href":"https:\/\/etn.com.mx\/blog\/wp-json\/wp\/v2\/types\/post"}],"author":[{"embeddable":true,"href":"https:\/\/etn.com.mx\/blog\/wp-json\/wp\/v2\/users\/1"}],"replies":[{"embeddable":true,"href":"https:\/\/etn.com.mx\/blog\/wp-json\/wp\/v2\/comments?post=660"}],"version-history":[{"count":6,"href":"https:\/\/etn.com.mx\/blog\/wp-json\/wp\/v2\/posts\/660\/revisions"}],"predecessor-version":[{"id":698,"href":"https:\/\/etn.com.mx\/blog\/wp-json\/wp\/v2\/posts\/660\/revisions\/698"}],"wp:featuredmedia":[{"embeddable":true,"href":"https:\/\/etn.com.mx\/blog\/wp-json\/wp\/v2\/media\/662"}],"wp:attachment":[{"href":"https:\/\/etn.com.mx\/blog\/wp-json\/wp\/v2\/media?parent=660"}],"wp:term":[{"taxonomy":"category","embeddable":true,"href":"https:\/\/etn.com.mx\/blog\/wp-json\/wp\/v2\/categories?post=660"},{"taxonomy":"post_tag","embeddable":true,"href":"https:\/\/etn.com.mx\/blog\/wp-json\/wp\/v2\/tags?post=660"}],"curies":[{"name":"wp","href":"https:\/\/api.w.org\/{rel}","templated":true}]}}