{"id":6246,"date":"2026-04-28T10:15:00","date_gmt":"2026-04-28T16:15:00","guid":{"rendered":"https:\/\/etn.com.mx\/blog\/?p=6246"},"modified":"2026-03-30T13:58:05","modified_gmt":"2026-03-30T19:58:05","slug":"celebracion-dia-de-las-ninas-y-los-ninos","status":"publish","type":"post","link":"https:\/\/etn.com.mx\/blog\/celebracion-dia-de-las-ninas-y-los-ninos\/","title":{"rendered":"El impacto social y educativo de la celebraci\u00f3n del D\u00eda de las ni\u00f1as y los ni\u00f1os"},"content":{"rendered":"\n<p class=\"has-medium-font-size\">Esta fecha trasciende el car\u00e1cter comercial. Representa un hito anual para reafirmar los derechos fundamentales de la infancia. El prop\u00f3sito principal es sensibilizar a la sociedad sobre la vulnerabilidad de los menores. Tambi\u00e9n busca garantizar que crezcan en entornos seguros y estimulantes. La&nbsp;<strong>celebraci\u00f3n del D\u00eda de las ni\u00f1as y los ni\u00f1os<\/strong>&nbsp;fomenta la cohesi\u00f3n familiar y el reconocimiento de los infantes como ciudadanos activos.<\/p>\n\n\n\n<p class=\"has-medium-font-size\">A trav\u00e9s de esta conmemoraci\u00f3n, las instituciones gubernamentales y educativas eval\u00faan el progreso de sus pol\u00edticas p\u00fablicas. No se trata solo de un festejo l\u00fadico. Es una oportunidad para visibilizar desaf\u00edos actuales como el acceso a la educaci\u00f3n de calidad y la erradicaci\u00f3n del trabajo infantil.<\/p>\n\n\n\n<h3 class=\"wp-block-heading\">El papel de la ONU en la protecci\u00f3n de los menores<\/h3>\n\n\n\n<p class=\"has-medium-font-size\">La Asamblea General de las Naciones Unidas recomend\u00f3 en 1954 que los pa\u00edses instituyeran un d\u00eda universal para la infancia. Este llamado buscaba promover la fraternidad entre todos los peque\u00f1os del mundo. Posteriormente, hitos como la Declaraci\u00f3n de los Derechos del Ni\u00f1o en 1959 marcaron la pauta legal internacional. Estos documentos obligan a los Estados a priorizar el bienestar superior de los menores de edad en cualquier decisi\u00f3n administrativa o legislativa.<\/p>\n\n\n\n<h2 class=\"wp-block-heading\">\u00bfCu\u00e1ndo y d\u00f3nde se lleva a cabo el festejo?<\/h2>\n\n\n\n<p class=\"has-medium-font-size\">La fecha var\u00eda significativamente seg\u00fan la jurisdicci\u00f3n nacional. La ONU estableci\u00f3 el 20 de noviembre como el D\u00eda Universal del Ni\u00f1o. Sin embargo, en Iberoam\u00e9rica se observan variaciones basadas en tradiciones locales y decretos presidenciales.<\/p>\n\n\n\n<p class=\"has-medium-font-size\">A continuaci\u00f3n, se presentan las fechas de la&nbsp;<strong>celebraci\u00f3n del D\u00eda de las ni\u00f1as y los ni\u00f1os<\/strong>&nbsp;en diferentes regiones:<\/p>\n\n\n\n<figure class=\"wp-block-table has-medium-font-size\"><table class=\"has-fixed-layout\"><tbody><tr><td><strong>Pa\u00eds<\/strong><\/td><td><strong>Fecha de celebraci\u00f3n<\/strong><\/td><\/tr><tr><td>M\u00e9xico<\/td><td>30 de abril<\/td><\/tr><tr><td>Colombia<\/td><td>\u00daltimo s\u00e1bado de abril<\/td><\/tr><tr><td>Espa\u00f1a<\/td><td>15 de abril (variable por comunidad)<\/td><\/tr><tr><td>Argentina<\/td><td>Tercer domingo de agosto<\/td><\/tr><tr><td>Chile<\/td><td>Segundo domingo de agosto<\/td><\/tr><\/tbody><\/table><\/figure>\n\n\n\n<h3 class=\"wp-block-heading\">Diferencias regionales y contextos hist\u00f3ricos<\/h3>\n\n\n\n<p class=\"has-medium-font-size\">\u00bfPor qu\u00e9 var\u00edan tanto las fechas? La respuesta reside en las leyes nacionales. Por ejemplo, en M\u00e9xico, la&nbsp;<strong>celebraci\u00f3n del D\u00eda de las ni\u00f1as y los ni\u00f1os<\/strong>&nbsp;se instaur\u00f3 oficialmente en 1924 por el presidente \u00c1lvaro Obreg\u00f3n. Esta decisi\u00f3n respondi\u00f3 a una estrategia para integrar a la infancia en la reconstrucci\u00f3n social del pa\u00eds tras el conflicto armado revolucionario.<\/p>\n\n\n<div class=\"wp-block-image\">\n<figure class=\"aligncenter size-large is-resized\"><img fetchpriority=\"high\" decoding=\"async\" width=\"1024\" height=\"578\" src=\"https:\/\/etn.com.mx\/blog\/wp-content\/uploads\/2026\/03\/dia-de-las-ninas-y-ninos-1024x578.webp\" alt=\"dia-de-las-ninas-y-ninos\" class=\"wp-image-6247\" style=\"aspect-ratio:1.7708966822082572;width:652px;height:auto\" srcset=\"https:\/\/etn.com.mx\/blog\/wp-content\/uploads\/2026\/03\/dia-de-las-ninas-y-ninos-1024x578.webp 1024w, https:\/\/etn.com.mx\/blog\/wp-content\/uploads\/2026\/03\/dia-de-las-ninas-y-ninos-300x169.webp 300w, https:\/\/etn.com.mx\/blog\/wp-content\/uploads\/2026\/03\/dia-de-las-ninas-y-ninos-768x434.webp 768w, https:\/\/etn.com.mx\/blog\/wp-content\/uploads\/2026\/03\/dia-de-las-ninas-y-ninos.webp 1360w\" sizes=\"(max-width: 1024px) 100vw, 1024px\" \/><\/figure>\n<\/div>\n\n\n<h2 class=\"wp-block-heading\">\u00bfCu\u00e1les son los beneficios de fomentar este d\u00eda?<\/h2>\n\n\n\n<p class=\"has-medium-font-size\">Participar activamente en estas jornadas ofrece ventajas multidimensionales para el n\u00facleo familiar y el sistema educativo. El reconocimiento positivo del menor fortalece su autoestima y sentido de pertenencia.<\/p>\n\n\n\n<ul class=\"wp-block-list\">\n<li class=\"has-medium-font-size\"><strong>Refuerzo emocional:<\/strong>\u00a0Valida las experiencias de los peque\u00f1os como individuos importantes para el colectivo.<\/li>\n\n\n\n<li class=\"has-medium-font-size\"><strong>Concientizaci\u00f3n jur\u00eddica:<\/strong>\u00a0Ayuda a los padres a identificar y exigir los derechos fundamentales de sus hijos.<\/li>\n\n\n\n<li class=\"has-medium-font-size\"><strong>Reducci\u00f3n de la brecha social:<\/strong>\u00a0Las actividades p\u00fablicas permiten el acceso gratuito a la cultura y el arte para todos los estratos econ\u00f3micos.<\/li>\n\n\n\n<li class=\"has-medium-font-size\"><strong>Salud mental:<\/strong>\u00a0Reduce el estr\u00e9s acumulado por las rutinas escolares mediante el juego dirigido.<\/li>\n<\/ul>\n\n\n\n<h3 class=\"wp-block-heading\">\u00bfPor qu\u00e9 ir a eventos culturales durante este festejo?<\/h3>\n\n\n\n<p class=\"has-medium-font-size\">Asistir a espacios culturales como museos, teatros o parques tem\u00e1ticos estimula la neuroplasticidad en edades tempranas. La interacci\u00f3n con nuevos est\u00edmulos fuera del aula tradicional acelera el aprendizaje significativo. Los ni\u00f1os aprenden a interpretar la realidad desde diversas perspectivas est\u00e9ticas y l\u00fadicas. \u00bfPor qu\u00e9 ir? Porque la exposici\u00f3n a ambientes seguros y diversos mejora la capacidad de resiliencia ante problemas complejos.<\/p>\n\n\n\n<h2 class=\"wp-block-heading\">\u00bfC\u00f3mo asegurar una experiencia formativa exitosa?<\/h2>\n\n\n\n<p class=\"has-medium-font-size\">Para que el festejo sea productivo, los adultos deben actuar como facilitadores. Se recomienda planificar actividades que incluyan la toma de decisiones por parte de los ni\u00f1os. Esto fortalece su autonom\u00eda. El juego no debe ser visto solo como ocio, sino como el m\u00e9todo primordial de adquisici\u00f3n de habilidades cognitivas.<\/p>\n\n\n\n<ol class=\"wp-block-list\">\n<li class=\"has-medium-font-size\">Priorice el tiempo de calidad sin distractores digitales.<\/li>\n\n\n\n<li class=\"has-medium-font-size\">Busque actividades que fomenten el pensamiento cr\u00edtico y la curiosidad.<\/li>\n\n\n\n<li class=\"has-medium-font-size\">Utilice juegos tradicionales para fortalecer el v\u00ednculo generacional.<\/li>\n\n\n\n<li class=\"has-medium-font-size\">Dialogue sobre el origen de la\u00a0<strong>celebraci\u00f3n del D\u00eda de las ni\u00f1as y los ni\u00f1os<\/strong>\u00a0para que entiendan sus propios derechos.<\/li>\n<\/ol>\n\n\n\n<h3 class=\"wp-block-heading\">Estad\u00edsticas sobre el bienestar infantil actual<\/h3>\n\n\n\n<p class=\"has-medium-font-size\">Datos recientes de UNICEF indican que m\u00e1s de mil millones de ni\u00f1os sufren privaciones de derechos b\u00e1sicos a nivel mundial. Por ello, la normativa relevante en esta materia, como la Convenci\u00f3n sobre los Derechos del Ni\u00f1o, exige una vigilancia constante. El festejo anual sirve como un \u00abfaro\u00bb de advertencia. Si el \u00edndice de acceso al juego baja, aumenta el riesgo de problemas en el desarrollo social. Las estad\u00edsticas sugieren que el 20% de los ni\u00f1os en entornos vulnerables experimenta mayor exclusi\u00f3n si no existen programas estatales de festejos integradores.<\/p>\n\n\n\n<h2 class=\"wp-block-heading\">Espacios seguros para la convivencia infantil<\/h2>\n\n\n\n<p class=\"has-medium-font-size\">\u00bfD\u00f3nde celebrar adecuadamente? Los centros comunitarios y los museos suelen ser los mejores puntos de encuentro. Estos sitios ofrecen programas pedag\u00f3gicos que cumplen con normas internacionales de seguridad infantil. Un entorno adecuado garantiza que el aprendizaje y la diversi\u00f3n coexistan sin riesgos f\u00edsicos o emocionales.<\/p>\n\n\n\n<p class=\"has-medium-font-size\">La organizaci\u00f3n de eventos en plazas p\u00fablicas fomenta la integraci\u00f3n comunitaria. Permite que los menores reconozcan sus espacios p\u00fablicos como territorios seguros. En \u00faltima instancia, esta conmemoraci\u00f3n no busca regalos materiales. El objetivo real es entregar un mundo donde la dignidad infantil sea la prioridad m\u00e1xima.<\/p>\n\n\n\n<p class=\"has-medium-font-size\">Viaja c\u00f3modamente c<strong>on ETN Turistar<\/strong> a destinos como&nbsp;<strong>Aguascalientes, Ciudad de M\u00e9xico, Guadalajara, Le\u00f3n, Mazatl\u00e1n, Puebla, Quer\u00e9taro<\/strong>, entre otros.&nbsp;Disfruta de un viaje c\u00f3modo al destino de tu preferencia.<\/p>\n\n\n\n<p class=\"has-medium-font-size\">Viajar con <strong>ETN Turistar<\/strong> a nuestros emblem\u00e1ticos destinos, es una experiencia segura, c\u00f3moda y confortable. Sin lugar a dudas es el arte de viajar en autob\u00fas.<\/p>\n\n\n\n<p class=\"has-medium-font-size\">Los autobuses de&nbsp;<strong>ETN<\/strong>&nbsp;se destacan por ser los m\u00e1s c\u00f3modos, por lo que hacen de tu viaje una experiencia completamente satisfactoria. Adem\u00e1s, cuenta con los siguientes servicios a bordo:<\/p>\n\n\n\n<ul class=\"wp-block-list\">\n<li class=\"has-medium-font-size\">Asientos reclinables<\/li>\n\n\n\n<li class=\"has-medium-font-size\">Pantallas individuales<\/li>\n\n\n\n<li class=\"has-medium-font-size\">Sanitarios de damas y caballeros.<\/li>\n\n\n\n<li class=\"has-medium-font-size\">Conexiones el\u00e9ctricas.<\/li>\n\n\n\n<li class=\"has-medium-font-size\">Aire acondicionado personalizado.<\/li>\n<\/ul>\n\n\n\n<p class=\"has-medium-font-size\">Las terminales\u00a0<strong>ETN<\/strong>\u00a0cuentan con salas de espera\u00a0VIP, disponibles en m\u00e1s de 15 ubicaciones en todo el pa\u00eds. Para m\u00e1s informaci\u00f3n sobre nuestros servicios y destinos, puedes visitar nuestro sitio web\u00a0<a href=\"https:\/\/www.etn.com.mx\/\">https:\/\/www.etn.com.mx<\/a>\u00a0o llamar al Tel.:\u00a0800 8000 386.<\/p>\n","protected":false},"excerpt":{"rendered":"<p>Esta fecha trasciende el car\u00e1cter comercial. Representa un hito anual para reafirmar los derechos fundamentales de la infancia. El prop\u00f3sito principal es sensibilizar a la sociedad sobre la vulnerabilidad de los menores. Tambi\u00e9n busca garantizar que crezcan en entornos seguros y estimulantes. La&nbsp;celebraci\u00f3n del D\u00eda de las ni\u00f1as y los ni\u00f1os&nbsp;fomenta la cohesi\u00f3n familiar y el reconocimiento de los infantes como ciudadanos activos. A trav\u00e9s de esta conmemoraci\u00f3n, las instituciones gubernamentales y educativas eval\u00faan el progreso de sus pol\u00edticas p\u00fablicas. No se trata solo de un festejo l\u00fadico. Es una oportunidad para visibilizar desaf\u00edos actuales como el acceso a la educaci\u00f3n de calidad y la erradicaci\u00f3n del trabajo infantil. El papel de la ONU en la protecci\u00f3n de los menores La Asamblea General de las Naciones Unidas recomend\u00f3 en 1954 que los pa\u00edses instituyeran un d\u00eda universal para la infancia. Este llamado buscaba promover la fraternidad entre todos los peque\u00f1os del mundo. Posteriormente, hitos como la Declaraci\u00f3n de los Derechos del Ni\u00f1o en 1959 marcaron la pauta legal internacional. Estos documentos obligan a los Estados a priorizar el bienestar superior de los menores de edad en cualquier decisi\u00f3n administrativa o legislativa. \u00bfCu\u00e1ndo y d\u00f3nde se lleva a cabo el festejo? La fecha var\u00eda significativamente seg\u00fan la jurisdicci\u00f3n nacional. La ONU estableci\u00f3 el 20 de noviembre como el D\u00eda Universal del Ni\u00f1o. Sin embargo, en Iberoam\u00e9rica se observan variaciones basadas en tradiciones locales y decretos presidenciales. A continuaci\u00f3n, se presentan las fechas de la&nbsp;celebraci\u00f3n del D\u00eda de las ni\u00f1as y los ni\u00f1os&nbsp;en diferentes regiones: Pa\u00eds Fecha de celebraci\u00f3n M\u00e9xico 30 de abril Colombia \u00daltimo s\u00e1bado de abril Espa\u00f1a 15 de abril (variable por comunidad) Argentina Tercer domingo de agosto Chile Segundo domingo de agosto Diferencias regionales y contextos hist\u00f3ricos \u00bfPor qu\u00e9 var\u00edan tanto las fechas? La respuesta reside en las leyes nacionales. Por ejemplo, en M\u00e9xico, la&nbsp;celebraci\u00f3n del D\u00eda de las ni\u00f1as y los ni\u00f1os&nbsp;se instaur\u00f3 oficialmente en 1924 por el presidente \u00c1lvaro Obreg\u00f3n. Esta decisi\u00f3n respondi\u00f3 a una estrategia para integrar a la infancia en la reconstrucci\u00f3n social del pa\u00eds tras el conflicto armado revolucionario. \u00bfCu\u00e1les son los beneficios de fomentar este d\u00eda? Participar activamente en estas jornadas ofrece ventajas multidimensionales para el n\u00facleo familiar y el sistema educativo. El reconocimiento positivo del menor fortalece su autoestima y sentido de pertenencia. \u00bfPor qu\u00e9 ir a eventos culturales durante este festejo? Asistir a espacios culturales como museos, teatros o parques tem\u00e1ticos estimula la neuroplasticidad en edades tempranas. La interacci\u00f3n con nuevos est\u00edmulos fuera del aula tradicional acelera el aprendizaje significativo. Los ni\u00f1os aprenden a interpretar la realidad desde diversas perspectivas est\u00e9ticas y l\u00fadicas. \u00bfPor qu\u00e9 ir? Porque la exposici\u00f3n a ambientes seguros y diversos mejora la capacidad de resiliencia ante problemas complejos. \u00bfC\u00f3mo asegurar una experiencia formativa exitosa? Para que el festejo sea productivo, los adultos deben actuar como facilitadores. Se recomienda planificar actividades que incluyan la toma de decisiones por parte de los ni\u00f1os. Esto fortalece su autonom\u00eda. El juego no debe ser visto solo como ocio, sino como el m\u00e9todo primordial de adquisici\u00f3n de habilidades cognitivas. Estad\u00edsticas sobre el bienestar infantil actual Datos recientes de UNICEF indican que m\u00e1s de mil millones de ni\u00f1os sufren privaciones de derechos b\u00e1sicos a nivel mundial. Por ello, la normativa relevante en esta materia, como la Convenci\u00f3n sobre los Derechos del Ni\u00f1o, exige una vigilancia constante. El festejo anual sirve como un \u00abfaro\u00bb de advertencia. Si el \u00edndice de acceso al juego baja, aumenta el riesgo de problemas en el desarrollo social. Las estad\u00edsticas sugieren que el 20% de los ni\u00f1os en entornos vulnerables experimenta mayor exclusi\u00f3n si no existen programas estatales de festejos integradores. Espacios seguros para la convivencia infantil \u00bfD\u00f3nde celebrar adecuadamente? Los centros comunitarios y los museos suelen ser los mejores puntos de encuentro. Estos sitios ofrecen programas pedag\u00f3gicos que cumplen con normas internacionales de seguridad infantil. Un entorno adecuado garantiza que el aprendizaje y la diversi\u00f3n coexistan sin riesgos f\u00edsicos o emocionales. La organizaci\u00f3n de eventos en plazas p\u00fablicas fomenta la integraci\u00f3n comunitaria. Permite que los menores reconozcan sus espacios p\u00fablicos como territorios seguros. En \u00faltima instancia, esta conmemoraci\u00f3n no busca regalos materiales. El objetivo real es entregar un mundo donde la dignidad infantil sea la prioridad m\u00e1xima. Viaja c\u00f3modamente con ETN Turistar a destinos como&nbsp;Aguascalientes, Ciudad de M\u00e9xico, Guadalajara, Le\u00f3n, Mazatl\u00e1n, Puebla, Quer\u00e9taro, entre otros.&nbsp;Disfruta de un viaje c\u00f3modo al destino de tu preferencia. Viajar con ETN Turistar a nuestros emblem\u00e1ticos destinos, es una experiencia segura, c\u00f3moda y confortable. Sin lugar a dudas es el arte de viajar en autob\u00fas. Los autobuses de&nbsp;ETN&nbsp;se destacan por ser los m\u00e1s c\u00f3modos, por lo que hacen de tu viaje una experiencia completamente satisfactoria. Adem\u00e1s, cuenta con los siguientes servicios a bordo: Las terminales\u00a0ETN\u00a0cuentan con salas de espera\u00a0VIP, disponibles en m\u00e1s de 15 ubicaciones en todo el pa\u00eds. Para m\u00e1s informaci\u00f3n sobre nuestros servicios y destinos, puedes visitar nuestro sitio web\u00a0https:\/\/www.etn.com.mx\u00a0o llamar al Tel.:\u00a0800 8000 386.<\/p>\n","protected":false},"author":15,"featured_media":6248,"comment_status":"open","ping_status":"closed","sticky":false,"template":"","format":"standard","meta":{"neve_meta_sidebar":"","neve_meta_container":"","neve_meta_enable_content_width":"","neve_meta_content_width":0,"neve_meta_title_alignment":"","neve_meta_author_avatar":"","neve_post_elements_order":"","neve_meta_disable_header":"","neve_meta_disable_footer":"","neve_meta_disable_title":"","footnotes":""},"categories":[1365,3,46,1337],"tags":[],"class_list":["post-6246","post","type-post","status-publish","format-standard","has-post-thumbnail","hentry","category-cultura","category-destinos","category-etn-turistar","category-turismo-mexico"],"yoast_head":"<!-- This site is optimized with the Yoast SEO plugin v27.4 - https:\/\/yoast.com\/product\/yoast-seo-wordpress\/ -->\n<title>Celebraci\u00f3n del D\u00eda de las ni\u00f1as y los ni\u00f1os: Importancia, derechos y gu\u00eda<\/title>\n<meta name=\"description\" content=\"Conoce por qu\u00e9 la celebraci\u00f3n del D\u00eda de las ni\u00f1as y los ni\u00f1os es vital para el desarrollo social y emocional. Descubre fechas, beneficios y normativas.\" \/>\n<meta name=\"robots\" content=\"index, follow, max-snippet:-1, max-image-preview:large, max-video-preview:-1\" \/>\n<link rel=\"canonical\" href=\"https:\/\/etn.com.mx\/blog\/celebracion-dia-de-las-ninas-y-los-ninos\/\" \/>\n<meta property=\"og:locale\" content=\"es_ES\" \/>\n<meta property=\"og:type\" content=\"article\" \/>\n<meta property=\"og:title\" content=\"Celebraci\u00f3n del D\u00eda de las ni\u00f1as y los ni\u00f1os: Importancia, derechos y gu\u00eda\" \/>\n<meta property=\"og:description\" content=\"Conoce por qu\u00e9 la celebraci\u00f3n del D\u00eda de las ni\u00f1as y los ni\u00f1os es vital para el desarrollo social y emocional. Descubre fechas, beneficios y normativas.\" \/>\n<meta property=\"og:url\" content=\"https:\/\/etn.com.mx\/blog\/celebracion-dia-de-las-ninas-y-los-ninos\/\" \/>\n<meta property=\"og:site_name\" content=\"Blog ETN Turistar\" \/>\n<meta property=\"article:publisher\" content=\"https:\/\/www.facebook.com\/etnturistar\/\" \/>\n<meta property=\"article:author\" content=\"https:\/\/www.facebook.com\/etnturistar\" \/>\n<meta property=\"article:published_time\" content=\"2026-04-28T16:15:00+00:00\" \/>\n<meta property=\"og:image\" content=\"https:\/\/etn.com.mx\/blog\/wp-content\/uploads\/2026\/03\/dia-de-las-ninas-y-ninos-2026.webp\" \/>\n\t<meta property=\"og:image:width\" content=\"1360\" \/>\n\t<meta property=\"og:image:height\" content=\"768\" \/>\n\t<meta property=\"og:image:type\" content=\"image\/webp\" \/>\n<meta name=\"author\" content=\"ETN Turistar Boletos de autob\u00fas\" \/>\n<meta name=\"twitter:card\" content=\"summary_large_image\" \/>\n<meta name=\"twitter:creator\" content=\"@ETNTURISTAR\" \/>\n<meta name=\"twitter:site\" content=\"@ETNTURISTAR\" \/>\n<meta name=\"twitter:label1\" content=\"Escrito por\" \/>\n\t<meta name=\"twitter:data1\" content=\"ETN Turistar Boletos de autob\u00fas\" \/>\n\t<meta name=\"twitter:label2\" content=\"Tiempo de lectura\" \/>\n\t<meta name=\"twitter:data2\" content=\"5 minutos\" \/>\n<script type=\"application\/ld+json\" class=\"yoast-schema-graph\">{\"@context\":\"https:\\\/\\\/schema.org\",\"@graph\":[{\"@type\":\"Article\",\"@id\":\"https:\\\/\\\/etn.com.mx\\\/blog\\\/celebracion-dia-de-las-ninas-y-los-ninos\\\/#article\",\"isPartOf\":{\"@id\":\"https:\\\/\\\/etn.com.mx\\\/blog\\\/celebracion-dia-de-las-ninas-y-los-ninos\\\/\"},\"author\":{\"name\":\"ETN Turistar Boletos de autob\u00fas\",\"@id\":\"https:\\\/\\\/etn.com.mx\\\/blog\\\/#\\\/schema\\\/person\\\/fffbc5e1d1ec1f41e0d89bfd4ecf6a82\"},\"headline\":\"El impacto social y educativo de la celebraci\u00f3n del D\u00eda de las ni\u00f1as y los ni\u00f1os\",\"datePublished\":\"2026-04-28T16:15:00+00:00\",\"mainEntityOfPage\":{\"@id\":\"https:\\\/\\\/etn.com.mx\\\/blog\\\/celebracion-dia-de-las-ninas-y-los-ninos\\\/\"},\"wordCount\":1098,\"commentCount\":0,\"publisher\":{\"@id\":\"https:\\\/\\\/etn.com.mx\\\/blog\\\/#organization\"},\"image\":{\"@id\":\"https:\\\/\\\/etn.com.mx\\\/blog\\\/celebracion-dia-de-las-ninas-y-los-ninos\\\/#primaryimage\"},\"thumbnailUrl\":\"https:\\\/\\\/etn.com.mx\\\/blog\\\/wp-content\\\/uploads\\\/2026\\\/03\\\/dia-de-las-ninas-y-ninos-2026.webp\",\"articleSection\":[\"Cultura\",\"Destinos\",\"ETN Turistar\",\"Turismo M\u00e9xico\"],\"inLanguage\":\"es\",\"potentialAction\":[{\"@type\":\"CommentAction\",\"name\":\"Comment\",\"target\":[\"https:\\\/\\\/etn.com.mx\\\/blog\\\/celebracion-dia-de-las-ninas-y-los-ninos\\\/#respond\"]}]},{\"@type\":\"WebPage\",\"@id\":\"https:\\\/\\\/etn.com.mx\\\/blog\\\/celebracion-dia-de-las-ninas-y-los-ninos\\\/\",\"url\":\"https:\\\/\\\/etn.com.mx\\\/blog\\\/celebracion-dia-de-las-ninas-y-los-ninos\\\/\",\"name\":\"Celebraci\u00f3n del D\u00eda de las ni\u00f1as y los ni\u00f1os: Importancia, derechos y gu\u00eda\",\"isPartOf\":{\"@id\":\"https:\\\/\\\/etn.com.mx\\\/blog\\\/#website\"},\"primaryImageOfPage\":{\"@id\":\"https:\\\/\\\/etn.com.mx\\\/blog\\\/celebracion-dia-de-las-ninas-y-los-ninos\\\/#primaryimage\"},\"image\":{\"@id\":\"https:\\\/\\\/etn.com.mx\\\/blog\\\/celebracion-dia-de-las-ninas-y-los-ninos\\\/#primaryimage\"},\"thumbnailUrl\":\"https:\\\/\\\/etn.com.mx\\\/blog\\\/wp-content\\\/uploads\\\/2026\\\/03\\\/dia-de-las-ninas-y-ninos-2026.webp\",\"datePublished\":\"2026-04-28T16:15:00+00:00\",\"description\":\"Conoce por qu\u00e9 la celebraci\u00f3n del D\u00eda de las ni\u00f1as y los ni\u00f1os es vital para el desarrollo social y emocional. Descubre fechas, beneficios y normativas.\",\"breadcrumb\":{\"@id\":\"https:\\\/\\\/etn.com.mx\\\/blog\\\/celebracion-dia-de-las-ninas-y-los-ninos\\\/#breadcrumb\"},\"inLanguage\":\"es\",\"potentialAction\":[{\"@type\":\"ReadAction\",\"target\":[\"https:\\\/\\\/etn.com.mx\\\/blog\\\/celebracion-dia-de-las-ninas-y-los-ninos\\\/\"]}]},{\"@type\":\"ImageObject\",\"inLanguage\":\"es\",\"@id\":\"https:\\\/\\\/etn.com.mx\\\/blog\\\/celebracion-dia-de-las-ninas-y-los-ninos\\\/#primaryimage\",\"url\":\"https:\\\/\\\/etn.com.mx\\\/blog\\\/wp-content\\\/uploads\\\/2026\\\/03\\\/dia-de-las-ninas-y-ninos-2026.webp\",\"contentUrl\":\"https:\\\/\\\/etn.com.mx\\\/blog\\\/wp-content\\\/uploads\\\/2026\\\/03\\\/dia-de-las-ninas-y-ninos-2026.webp\",\"width\":1360,\"height\":768,\"caption\":\"dia-de-las-ninas-y-ninos-2026\"},{\"@type\":\"BreadcrumbList\",\"@id\":\"https:\\\/\\\/etn.com.mx\\\/blog\\\/celebracion-dia-de-las-ninas-y-los-ninos\\\/#breadcrumb\",\"itemListElement\":[{\"@type\":\"ListItem\",\"position\":1,\"name\":\"Inicio Blog\",\"item\":\"https:\\\/\\\/etn.com.mx\\\/blog\\\/\"},{\"@type\":\"ListItem\",\"position\":2,\"name\":\"Destinos\",\"item\":\"https:\\\/\\\/etn.com.mx\\\/blog\\\/category\\\/destinos\\\/\"},{\"@type\":\"ListItem\",\"position\":3,\"name\":\"El impacto social y educativo de la celebraci\u00f3n del D\u00eda de las ni\u00f1as y los ni\u00f1os\"}]},{\"@type\":\"WebSite\",\"@id\":\"https:\\\/\\\/etn.com.mx\\\/blog\\\/#website\",\"url\":\"https:\\\/\\\/etn.com.mx\\\/blog\\\/\",\"name\":\"Blog ETN\",\"description\":\"Blog ETN L\u00ednea de Autobuses de lujo con destinos a M\u00e9xico, Guadalajara, Morelia, Le\u00f3n, Quer\u00e9taro, San Luis Potos\u00ed, Monterrey, Acapulco y 24 estados de la rep\u00fablica.\",\"publisher\":{\"@id\":\"https:\\\/\\\/etn.com.mx\\\/blog\\\/#organization\"},\"alternateName\":\"Autobuses ETN Turistar\",\"potentialAction\":[{\"@type\":\"SearchAction\",\"target\":{\"@type\":\"EntryPoint\",\"urlTemplate\":\"https:\\\/\\\/etn.com.mx\\\/blog\\\/?s={search_term_string}\"},\"query-input\":{\"@type\":\"PropertyValueSpecification\",\"valueRequired\":true,\"valueName\":\"search_term_string\"}}],\"inLanguage\":\"es\"},{\"@type\":\"Organization\",\"@id\":\"https:\\\/\\\/etn.com.mx\\\/blog\\\/#organization\",\"name\":\"ETN Turistar Lujo\",\"alternateName\":\"Boletos de autobus ETN\",\"url\":\"https:\\\/\\\/etn.com.mx\\\/blog\\\/\",\"logo\":{\"@type\":\"ImageObject\",\"inLanguage\":\"es\",\"@id\":\"https:\\\/\\\/etn.com.mx\\\/blog\\\/#\\\/schema\\\/logo\\\/image\\\/\",\"url\":\"https:\\\/\\\/etn.com.mx\\\/blog\\\/wp-content\\\/uploads\\\/2023\\\/07\\\/logo-etnturistar.png\",\"contentUrl\":\"https:\\\/\\\/etn.com.mx\\\/blog\\\/wp-content\\\/uploads\\\/2023\\\/07\\\/logo-etnturistar.png\",\"width\":495,\"height\":52,\"caption\":\"ETN Turistar Lujo\"},\"image\":{\"@id\":\"https:\\\/\\\/etn.com.mx\\\/blog\\\/#\\\/schema\\\/logo\\\/image\\\/\"},\"sameAs\":[\"https:\\\/\\\/www.facebook.com\\\/etnturistar\\\/\",\"https:\\\/\\\/x.com\\\/ETNTURISTAR\"]},{\"@type\":\"Person\",\"@id\":\"https:\\\/\\\/etn.com.mx\\\/blog\\\/#\\\/schema\\\/person\\\/fffbc5e1d1ec1f41e0d89bfd4ecf6a82\",\"name\":\"ETN Turistar Boletos de autob\u00fas\",\"image\":{\"@type\":\"ImageObject\",\"inLanguage\":\"es\",\"@id\":\"https:\\\/\\\/secure.gravatar.com\\\/avatar\\\/377cbd78ae908164a584db6b641972aecb63e933e0c7a5b8999a91fe8815e82e?s=96&d=mm&r=g\",\"url\":\"https:\\\/\\\/secure.gravatar.com\\\/avatar\\\/377cbd78ae908164a584db6b641972aecb63e933e0c7a5b8999a91fe8815e82e?s=96&d=mm&r=g\",\"contentUrl\":\"https:\\\/\\\/secure.gravatar.com\\\/avatar\\\/377cbd78ae908164a584db6b641972aecb63e933e0c7a5b8999a91fe8815e82e?s=96&d=mm&r=g\",\"caption\":\"ETN Turistar Boletos de autob\u00fas\"},\"description\":\"Compra boletos de autob\u00fas con ETN y viaja a m\u00e1s de 60 destinos en M\u00e9xico. Disfruta los autobuses de lujo, seguridad y confort. \u00a1Reserva f\u00e1cil en l\u00ednea!\",\"sameAs\":[\"https:\\\/\\\/etn.com.mx\",\"https:\\\/\\\/www.facebook.com\\\/etnturistar\",\"https:\\\/\\\/www.instagram.com\\\/etn_turistar\",\"https:\\\/\\\/www.linkedin.com\\\/company\\\/etn-turistar-lujo\",\"https:\\\/\\\/www.youtube.com\\\/ETNTuristarLujo\"],\"url\":\"https:\\\/\\\/etn.com.mx\\\/blog\\\/author\\\/etnturistar\\\/\"}]}<\/script>\n<!-- \/ Yoast SEO plugin. -->","yoast_head_json":{"title":"Celebraci\u00f3n del D\u00eda de las ni\u00f1as y los ni\u00f1os: Importancia, derechos y gu\u00eda","description":"Conoce por qu\u00e9 la celebraci\u00f3n del D\u00eda de las ni\u00f1as y los ni\u00f1os es vital para el desarrollo social y emocional. Descubre fechas, beneficios y normativas.","robots":{"index":"index","follow":"follow","max-snippet":"max-snippet:-1","max-image-preview":"max-image-preview:large","max-video-preview":"max-video-preview:-1"},"canonical":"https:\/\/etn.com.mx\/blog\/celebracion-dia-de-las-ninas-y-los-ninos\/","og_locale":"es_ES","og_type":"article","og_title":"Celebraci\u00f3n del D\u00eda de las ni\u00f1as y los ni\u00f1os: Importancia, derechos y gu\u00eda","og_description":"Conoce por qu\u00e9 la celebraci\u00f3n del D\u00eda de las ni\u00f1as y los ni\u00f1os es vital para el desarrollo social y emocional. Descubre fechas, beneficios y normativas.","og_url":"https:\/\/etn.com.mx\/blog\/celebracion-dia-de-las-ninas-y-los-ninos\/","og_site_name":"Blog ETN Turistar","article_publisher":"https:\/\/www.facebook.com\/etnturistar\/","article_author":"https:\/\/www.facebook.com\/etnturistar","article_published_time":"2026-04-28T16:15:00+00:00","og_image":[{"width":1360,"height":768,"url":"https:\/\/etn.com.mx\/blog\/wp-content\/uploads\/2026\/03\/dia-de-las-ninas-y-ninos-2026.webp","type":"image\/webp"}],"author":"ETN Turistar Boletos de autob\u00fas","twitter_card":"summary_large_image","twitter_creator":"@ETNTURISTAR","twitter_site":"@ETNTURISTAR","twitter_misc":{"Escrito por":"ETN Turistar Boletos de autob\u00fas","Tiempo de lectura":"5 minutos"},"schema":{"@context":"https:\/\/schema.org","@graph":[{"@type":"Article","@id":"https:\/\/etn.com.mx\/blog\/celebracion-dia-de-las-ninas-y-los-ninos\/#article","isPartOf":{"@id":"https:\/\/etn.com.mx\/blog\/celebracion-dia-de-las-ninas-y-los-ninos\/"},"author":{"name":"ETN Turistar Boletos de autob\u00fas","@id":"https:\/\/etn.com.mx\/blog\/#\/schema\/person\/fffbc5e1d1ec1f41e0d89bfd4ecf6a82"},"headline":"El impacto social y educativo de la celebraci\u00f3n del D\u00eda de las ni\u00f1as y los ni\u00f1os","datePublished":"2026-04-28T16:15:00+00:00","mainEntityOfPage":{"@id":"https:\/\/etn.com.mx\/blog\/celebracion-dia-de-las-ninas-y-los-ninos\/"},"wordCount":1098,"commentCount":0,"publisher":{"@id":"https:\/\/etn.com.mx\/blog\/#organization"},"image":{"@id":"https:\/\/etn.com.mx\/blog\/celebracion-dia-de-las-ninas-y-los-ninos\/#primaryimage"},"thumbnailUrl":"https:\/\/etn.com.mx\/blog\/wp-content\/uploads\/2026\/03\/dia-de-las-ninas-y-ninos-2026.webp","articleSection":["Cultura","Destinos","ETN Turistar","Turismo M\u00e9xico"],"inLanguage":"es","potentialAction":[{"@type":"CommentAction","name":"Comment","target":["https:\/\/etn.com.mx\/blog\/celebracion-dia-de-las-ninas-y-los-ninos\/#respond"]}]},{"@type":"WebPage","@id":"https:\/\/etn.com.mx\/blog\/celebracion-dia-de-las-ninas-y-los-ninos\/","url":"https:\/\/etn.com.mx\/blog\/celebracion-dia-de-las-ninas-y-los-ninos\/","name":"Celebraci\u00f3n del D\u00eda de las ni\u00f1as y los ni\u00f1os: Importancia, derechos y gu\u00eda","isPartOf":{"@id":"https:\/\/etn.com.mx\/blog\/#website"},"primaryImageOfPage":{"@id":"https:\/\/etn.com.mx\/blog\/celebracion-dia-de-las-ninas-y-los-ninos\/#primaryimage"},"image":{"@id":"https:\/\/etn.com.mx\/blog\/celebracion-dia-de-las-ninas-y-los-ninos\/#primaryimage"},"thumbnailUrl":"https:\/\/etn.com.mx\/blog\/wp-content\/uploads\/2026\/03\/dia-de-las-ninas-y-ninos-2026.webp","datePublished":"2026-04-28T16:15:00+00:00","description":"Conoce por qu\u00e9 la celebraci\u00f3n del D\u00eda de las ni\u00f1as y los ni\u00f1os es vital para el desarrollo social y emocional. Descubre fechas, beneficios y normativas.","breadcrumb":{"@id":"https:\/\/etn.com.mx\/blog\/celebracion-dia-de-las-ninas-y-los-ninos\/#breadcrumb"},"inLanguage":"es","potentialAction":[{"@type":"ReadAction","target":["https:\/\/etn.com.mx\/blog\/celebracion-dia-de-las-ninas-y-los-ninos\/"]}]},{"@type":"ImageObject","inLanguage":"es","@id":"https:\/\/etn.com.mx\/blog\/celebracion-dia-de-las-ninas-y-los-ninos\/#primaryimage","url":"https:\/\/etn.com.mx\/blog\/wp-content\/uploads\/2026\/03\/dia-de-las-ninas-y-ninos-2026.webp","contentUrl":"https:\/\/etn.com.mx\/blog\/wp-content\/uploads\/2026\/03\/dia-de-las-ninas-y-ninos-2026.webp","width":1360,"height":768,"caption":"dia-de-las-ninas-y-ninos-2026"},{"@type":"BreadcrumbList","@id":"https:\/\/etn.com.mx\/blog\/celebracion-dia-de-las-ninas-y-los-ninos\/#breadcrumb","itemListElement":[{"@type":"ListItem","position":1,"name":"Inicio Blog","item":"https:\/\/etn.com.mx\/blog\/"},{"@type":"ListItem","position":2,"name":"Destinos","item":"https:\/\/etn.com.mx\/blog\/category\/destinos\/"},{"@type":"ListItem","position":3,"name":"El impacto social y educativo de la celebraci\u00f3n del D\u00eda de las ni\u00f1as y los ni\u00f1os"}]},{"@type":"WebSite","@id":"https:\/\/etn.com.mx\/blog\/#website","url":"https:\/\/etn.com.mx\/blog\/","name":"Blog ETN","description":"Blog ETN L\u00ednea de Autobuses de lujo con destinos a M\u00e9xico, Guadalajara, Morelia, Le\u00f3n, Quer\u00e9taro, San Luis Potos\u00ed, Monterrey, Acapulco y 24 estados de la rep\u00fablica.","publisher":{"@id":"https:\/\/etn.com.mx\/blog\/#organization"},"alternateName":"Autobuses ETN Turistar","potentialAction":[{"@type":"SearchAction","target":{"@type":"EntryPoint","urlTemplate":"https:\/\/etn.com.mx\/blog\/?s={search_term_string}"},"query-input":{"@type":"PropertyValueSpecification","valueRequired":true,"valueName":"search_term_string"}}],"inLanguage":"es"},{"@type":"Organization","@id":"https:\/\/etn.com.mx\/blog\/#organization","name":"ETN Turistar Lujo","alternateName":"Boletos de autobus ETN","url":"https:\/\/etn.com.mx\/blog\/","logo":{"@type":"ImageObject","inLanguage":"es","@id":"https:\/\/etn.com.mx\/blog\/#\/schema\/logo\/image\/","url":"https:\/\/etn.com.mx\/blog\/wp-content\/uploads\/2023\/07\/logo-etnturistar.png","contentUrl":"https:\/\/etn.com.mx\/blog\/wp-content\/uploads\/2023\/07\/logo-etnturistar.png","width":495,"height":52,"caption":"ETN Turistar Lujo"},"image":{"@id":"https:\/\/etn.com.mx\/blog\/#\/schema\/logo\/image\/"},"sameAs":["https:\/\/www.facebook.com\/etnturistar\/","https:\/\/x.com\/ETNTURISTAR"]},{"@type":"Person","@id":"https:\/\/etn.com.mx\/blog\/#\/schema\/person\/fffbc5e1d1ec1f41e0d89bfd4ecf6a82","name":"ETN Turistar Boletos de autob\u00fas","image":{"@type":"ImageObject","inLanguage":"es","@id":"https:\/\/secure.gravatar.com\/avatar\/377cbd78ae908164a584db6b641972aecb63e933e0c7a5b8999a91fe8815e82e?s=96&d=mm&r=g","url":"https:\/\/secure.gravatar.com\/avatar\/377cbd78ae908164a584db6b641972aecb63e933e0c7a5b8999a91fe8815e82e?s=96&d=mm&r=g","contentUrl":"https:\/\/secure.gravatar.com\/avatar\/377cbd78ae908164a584db6b641972aecb63e933e0c7a5b8999a91fe8815e82e?s=96&d=mm&r=g","caption":"ETN Turistar Boletos de autob\u00fas"},"description":"Compra boletos de autob\u00fas con ETN y viaja a m\u00e1s de 60 destinos en M\u00e9xico. Disfruta los autobuses de lujo, seguridad y confort. \u00a1Reserva f\u00e1cil en l\u00ednea!","sameAs":["https:\/\/etn.com.mx","https:\/\/www.facebook.com\/etnturistar","https:\/\/www.instagram.com\/etn_turistar","https:\/\/www.linkedin.com\/company\/etn-turistar-lujo","https:\/\/www.youtube.com\/ETNTuristarLujo"],"url":"https:\/\/etn.com.mx\/blog\/author\/etnturistar\/"}]}},"_links":{"self":[{"href":"https:\/\/etn.com.mx\/blog\/wp-json\/wp\/v2\/posts\/6246","targetHints":{"allow":["GET"]}}],"collection":[{"href":"https:\/\/etn.com.mx\/blog\/wp-json\/wp\/v2\/posts"}],"about":[{"href":"https:\/\/etn.com.mx\/blog\/wp-json\/wp\/v2\/types\/post"}],"author":[{"embeddable":true,"href":"https:\/\/etn.com.mx\/blog\/wp-json\/wp\/v2\/users\/15"}],"replies":[{"embeddable":true,"href":"https:\/\/etn.com.mx\/blog\/wp-json\/wp\/v2\/comments?post=6246"}],"version-history":[{"count":1,"href":"https:\/\/etn.com.mx\/blog\/wp-json\/wp\/v2\/posts\/6246\/revisions"}],"predecessor-version":[{"id":6249,"href":"https:\/\/etn.com.mx\/blog\/wp-json\/wp\/v2\/posts\/6246\/revisions\/6249"}],"wp:featuredmedia":[{"embeddable":true,"href":"https:\/\/etn.com.mx\/blog\/wp-json\/wp\/v2\/media\/6248"}],"wp:attachment":[{"href":"https:\/\/etn.com.mx\/blog\/wp-json\/wp\/v2\/media?parent=6246"}],"wp:term":[{"taxonomy":"category","embeddable":true,"href":"https:\/\/etn.com.mx\/blog\/wp-json\/wp\/v2\/categories?post=6246"},{"taxonomy":"post_tag","embeddable":true,"href":"https:\/\/etn.com.mx\/blog\/wp-json\/wp\/v2\/tags?post=6246"}],"curies":[{"name":"wp","href":"https:\/\/api.w.org\/{rel}","templated":true}]}}