{"id":6216,"date":"2026-04-25T09:49:00","date_gmt":"2026-04-25T15:49:00","guid":{"rendered":"https:\/\/etn.com.mx\/blog\/?p=6216"},"modified":"2026-03-30T11:33:08","modified_gmt":"2026-03-30T17:33:08","slug":"dia-internacional-del-disenador-grafico","status":"publish","type":"post","link":"https:\/\/etn.com.mx\/blog\/dia-internacional-del-disenador-grafico\/","title":{"rendered":"La evoluci\u00f3n de la comunicaci\u00f3n visual: Un an\u00e1lisis por el D\u00eda Internacional del Dise\u00f1ador Gr\u00e1fico"},"content":{"rendered":"\n<p class=\"has-medium-font-size\">El dise\u00f1o gr\u00e1fico no es solo est\u00e9tica; es un puente cr\u00edtico entre la informaci\u00f3n compleja y la comprensi\u00f3n humana. Cada a\u00f1o, el mundo se detiene para reconocer la labor de quienes traducen conceptos en realidades visuales mediante una fecha emblem\u00e1tica para el gremio.<\/p>\n\n\n\n<h2 class=\"wp-block-heading\">El origen hist\u00f3rico y el legado de la comunicaci\u00f3n visual<\/h2>\n\n\n\n<p class=\"has-medium-font-size\">El 27 de abril marca un hito en la industria creativa a nivel mundial. Esta fecha conmemora la fundaci\u00f3n del Consejo Internacional de Dise\u00f1o (Icomos, antes conocido como Icograda) en Londres en el a\u00f1o 1963. Sin embargo, no fue hasta 1995 cuando se oficializ\u00f3 esta celebraci\u00f3n a escala global para visibilizar el trabajo de los comunicadores visuales.<\/p>\n\n\n\n<h3 class=\"wp-block-heading\">\u00bfCu\u00e1ndo se celebra y qui\u00e9n impuls\u00f3 la creaci\u00f3n de esta efem\u00e9ride?<\/h3>\n\n\n\n<p class=\"has-medium-font-size\">Si te preguntas cu\u00e1ndo se celebra este evento, la respuesta es el 27 de abril de cada a\u00f1o. La iniciativa naci\u00f3 con el objetivo de generar un espacio de reflexi\u00f3n sobre el estado de la profesi\u00f3n. A trav\u00e9s del&nbsp;<strong>D\u00eda Internacional del Dise\u00f1ador Gr\u00e1fico<\/strong>, las instituciones buscan sensibilizar sobre la importancia de la responsabilidad social en el dise\u00f1o, alej\u00e1ndolo de la idea simplista de ser un oficio meramente decorativo.<\/p>\n\n\n\n<p class=\"has-medium-font-size\">Desde su fundaci\u00f3n, el dise\u00f1o ha pasado de las t\u00e9cnicas anal\u00f3gicas de impresi\u00f3n a la sofisticaci\u00f3n de la inteligencia artificial. Seg\u00fan datos del sector, la industria del dise\u00f1o gr\u00e1fico aporta significativamente al PIB de las econom\u00edas naranjas, con un crecimiento proyectado constante para el cierre de esta d\u00e9cada.<\/p>\n\n\n\n<h2 class=\"wp-block-heading\">La importancia del dise\u00f1o en el ecosistema digital moderno<\/h2>\n\n\n\n<p class=\"has-medium-font-size\">La funci\u00f3n del dise\u00f1ador gr\u00e1fico ha trascendido el papel y las pantallas tradicionales para insertarse en el n\u00facleo del desarrollo tecnol\u00f3gico. Actualmente, el dise\u00f1o impacta la usabilidad (UX) y la interfaz de usuario (UI), permitiendo que miles de aplicaciones y sistemas funcionen de manera intuitiva.<\/p>\n\n\n<div class=\"wp-block-image\">\n<figure class=\"aligncenter size-large is-resized\"><img fetchpriority=\"high\" decoding=\"async\" width=\"1024\" height=\"578\" src=\"https:\/\/etn.com.mx\/blog\/wp-content\/uploads\/2026\/03\/dia-del-disenador-grafico-2026-1024x578.webp\" alt=\"dia-del-disenador-grafico-2026\" class=\"wp-image-6217\" style=\"aspect-ratio:1.7708966822082572;width:613px;height:auto\" srcset=\"https:\/\/etn.com.mx\/blog\/wp-content\/uploads\/2026\/03\/dia-del-disenador-grafico-2026-1024x578.webp 1024w, https:\/\/etn.com.mx\/blog\/wp-content\/uploads\/2026\/03\/dia-del-disenador-grafico-2026-300x169.webp 300w, https:\/\/etn.com.mx\/blog\/wp-content\/uploads\/2026\/03\/dia-del-disenador-grafico-2026-768x434.webp 768w, https:\/\/etn.com.mx\/blog\/wp-content\/uploads\/2026\/03\/dia-del-disenador-grafico-2026.webp 1360w\" sizes=\"(max-width: 1024px) 100vw, 1024px\" \/><\/figure>\n<\/div>\n\n\n<h3 class=\"wp-block-heading\">\u00bfPor qu\u00e9 es fundamental la labor del dise\u00f1ador hoy en d\u00eda?<\/h3>\n\n\n\n<p class=\"has-medium-font-size\">La importancia de contar con profesionales cualificados radica en la econom\u00eda de la atenci\u00f3n. El ojo humano procesa las im\u00e1genes hasta 60,000 veces m\u00e1s r\u00e1pido que el texto. Por lo tanto, un dise\u00f1o eficiente asegura que la comunicaci\u00f3n no solo sea vista, sino comprendida y recordada. El&nbsp;<strong>D\u00eda Internacional del Dise\u00f1ador Gr\u00e1fico<\/strong>&nbsp;nos recuerda que sin estos perfiles, el acceso a la informaci\u00f3n ser\u00eda ca\u00f3tico y fragmentado.<\/p>\n\n\n\n<p class=\"has-medium-font-size\">A continuaci\u00f3n, se detallan algunos puntos clave de su relevancia:<\/p>\n\n\n\n<ul class=\"wp-block-list\">\n<li class=\"has-medium-font-size\">Facilitan la comprensi\u00f3n de normativas t\u00e9cnicas a trav\u00e9s de infograf\u00edas claras.<\/li>\n\n\n\n<li class=\"has-medium-font-size\">Optimizan la accesibilidad digital para personas con discapacidades visuales.<\/li>\n\n\n\n<li class=\"has-medium-font-size\">Construyen identidad de marca que genera confianza en el consumidor final.<\/li>\n\n\n\n<li class=\"has-medium-font-size\">Desarrollan sistemas de se\u00f1al\u00e9tica esenciales para la seguridad p\u00fablica en aeropuertos y hospitales.<\/li>\n<\/ul>\n\n\n\n<h2 class=\"wp-block-heading\">El impacto estrat\u00e9gico del dise\u00f1o en el \u00e1mbito empresarial<\/h2>\n\n\n\n<p class=\"has-medium-font-size\">Para las corporaciones, invertir en dise\u00f1o no es un gasto, sino una ventaja competitiva cuantificable. Un dise\u00f1o de marca coherente puede aumentar el valor percibido de un producto en un porcentaje significativo, permitiendo una diferenciaci\u00f3n real en mercados saturados.<\/p>\n\n\n\n<h3 class=\"wp-block-heading\">\u00bfCu\u00e1les son los beneficios de contratar dise\u00f1o profesional para los negocios?<\/h3>\n\n\n\n<p class=\"has-medium-font-size\">Integrar un equipo creativo aporta ventajas estrat\u00e9gicas que van m\u00e1s all\u00e1 del logotipo. Entre los beneficios principales encontramos:<\/p>\n\n\n\n<ol class=\"wp-block-list\">\n<li class=\"has-medium-font-size\"><strong>Retenci\u00f3n de audiencia:<\/strong>\u00a0Los sitios con mejor dise\u00f1o visual retienen a los usuarios por un 30% m\u00e1s de tiempo.<\/li>\n\n\n\n<li class=\"has-medium-font-size\"><strong>Claridad estrat\u00e9gica:<\/strong>\u00a0Se eliminan ruidos en el mensaje corporativo, asegurando que los valores de la empresa lleguen al p\u00fablico objetivo.<\/li>\n\n\n\n<li class=\"has-medium-font-size\"><strong>Eficiencia en la producci\u00f3n:<\/strong>\u00a0Un profesional conoce los flujos de trabajo t\u00e9cnicos y las normativas de impresi\u00f3n y publicaci\u00f3n, evitando costos innecesarios por errores t\u00e9cnicos.<\/li>\n\n\n\n<li class=\"has-medium-font-size\"><strong>Cumplimiento legal:<\/strong>\u00a0Los dise\u00f1adores conocen las regulaciones sobre derechos de autor, licencias tipogr\u00e1ficas y est\u00e1ndares de propiedad intelectual.<\/li>\n<\/ol>\n\n\n\n<p class=\"has-medium-font-size\">Las estad\u00edsticas indican que las empresas que lideran en dise\u00f1o superan el crecimiento de sus competidores en ingresos hasta en un 32%, lo cual justifica la celebraci\u00f3n y dignificaci\u00f3n que promueve el&nbsp;<strong>D\u00eda Internacional del Dise\u00f1ador Gr\u00e1fico<\/strong>&nbsp;en cada edici\u00f3n anual.<\/p>\n\n\n\n<h2 class=\"wp-block-heading\">Habilidades t\u00e9cnicas y el futuro del dise\u00f1o gr\u00e1fico<\/h2>\n\n\n\n<p class=\"has-medium-font-size\">El perfil del dise\u00f1ador est\u00e1 en constante mutaci\u00f3n. No basta con dominar herramientas como la suite de Adobe; hoy se requiere conocimiento en modelado 3D, animaci\u00f3n de gr\u00e1ficos y, especialmente, la \u00e9tica en el uso de la inteligencia artificial generativa.<\/p>\n\n\n\n<h3 class=\"wp-block-heading\">\u00bfD\u00f3nde encontrar recursos para celebrar esta fecha y aprender m\u00e1s?<\/h3>\n\n\n\n<p class=\"has-medium-font-size\">\u00bfD\u00f3nde se re\u00fanen los profesionales durante este d\u00eda? Generalmente, las principales facultades de dise\u00f1o, museos de arte y colegios profesionales organizan congresos, webinars y exposiciones de carteler\u00eda. Sitios web como AIGA o el mencionado Consejo Internacional de Dise\u00f1o ofrecen bancos de recursos t\u00e9cnicos y normativos p\u00fablicos que sirven como gu\u00eda para las mejores pr\u00e1cticas globales.<\/p>\n\n\n\n<p class=\"has-medium-font-size\">El uso de est\u00e1ndares ISO para la tipograf\u00eda y la legibilidad en entornos urbanos son ejemplos pr\u00e1cticos de c\u00f3mo la normativa t\u00e9cnica se une a la creatividad. Durante el festejo del pr\u00f3ximo a\u00f1o, se espera un enfoque masivo en el dise\u00f1o sustentable y la reducci\u00f3n de la huella de carbono en la producci\u00f3n gr\u00e1fica, demostrando que la disciplina est\u00e1 m\u00e1s viva y consciente que nunca.<\/p>\n\n\n\n<p class=\"has-medium-font-size\">Viaja c\u00f3modamente c<strong>on ETN Turistar<\/strong> a destinos como\u00a0<strong>Aguascalientes, Ciudad de M\u00e9xico, Guadalajara, Le\u00f3n, Mazatl\u00e1n, Monterrey, Puebla, Puerto Vallarta, Quer\u00e9taro<\/strong>, entre otros.\u00a0Disfruta de un viaje c\u00f3modo al destino de tu preferencia.<\/p>\n\n\n\n<p class=\"has-medium-font-size\">Viajar con <strong>ETN Turistar<\/strong> a nuestros emblem\u00e1ticos destinos, es una experiencia segura, c\u00f3moda y confortable. Sin lugar a dudas es el arte de viajar en autob\u00fas.<\/p>\n\n\n\n<p class=\"has-medium-font-size\">Los autobuses de&nbsp;<strong>ETN<\/strong>&nbsp;se destacan por ser los m\u00e1s c\u00f3modos, por lo que hacen de tu viaje una experiencia completamente satisfactoria. Adem\u00e1s, cuenta con los siguientes servicios a bordo:<\/p>\n\n\n\n<ul class=\"wp-block-list\">\n<li class=\"has-medium-font-size\">Asientos reclinables<\/li>\n\n\n\n<li class=\"has-medium-font-size\">Pantallas individuales<\/li>\n\n\n\n<li class=\"has-medium-font-size\">Sanitarios de damas y caballeros.<\/li>\n\n\n\n<li class=\"has-medium-font-size\">Conexiones el\u00e9ctricas.<\/li>\n\n\n\n<li class=\"has-medium-font-size\">Aire acondicionado personalizado.<\/li>\n<\/ul>\n\n\n\n<p class=\"has-medium-font-size\">Las terminales\u00a0<strong>ETN<\/strong>\u00a0cuentan con salas de espera\u00a0VIP, disponibles en m\u00e1s de 15 ubicaciones en todo el pa\u00eds. Para m\u00e1s informaci\u00f3n sobre nuestros servicios y destinos, puedes visitar nuestro sitio web\u00a0<a href=\"https:\/\/www.etn.com.mx\/\">https:\/\/www.etn.com.mx<\/a>\u00a0o llamar al Tel.:\u00a0800 8000 386.<\/p>\n\n\n\n<p><\/p>\n","protected":false},"excerpt":{"rendered":"<p>El dise\u00f1o gr\u00e1fico no es solo est\u00e9tica; es un puente cr\u00edtico entre la informaci\u00f3n compleja y la comprensi\u00f3n humana. Cada a\u00f1o, el mundo se detiene para reconocer la labor de quienes traducen conceptos en realidades visuales mediante una fecha emblem\u00e1tica para el gremio. El origen hist\u00f3rico y el legado de la comunicaci\u00f3n visual El 27 de abril marca un hito en la industria creativa a nivel mundial. Esta fecha conmemora la fundaci\u00f3n del Consejo Internacional de Dise\u00f1o (Icomos, antes conocido como Icograda) en Londres en el a\u00f1o 1963. Sin embargo, no fue hasta 1995 cuando se oficializ\u00f3 esta celebraci\u00f3n a escala global para visibilizar el trabajo de los comunicadores visuales. \u00bfCu\u00e1ndo se celebra y qui\u00e9n impuls\u00f3 la creaci\u00f3n de esta efem\u00e9ride? Si te preguntas cu\u00e1ndo se celebra este evento, la respuesta es el 27 de abril de cada a\u00f1o. La iniciativa naci\u00f3 con el objetivo de generar un espacio de reflexi\u00f3n sobre el estado de la profesi\u00f3n. A trav\u00e9s del&nbsp;D\u00eda Internacional del Dise\u00f1ador Gr\u00e1fico, las instituciones buscan sensibilizar sobre la importancia de la responsabilidad social en el dise\u00f1o, alej\u00e1ndolo de la idea simplista de ser un oficio meramente decorativo. Desde su fundaci\u00f3n, el dise\u00f1o ha pasado de las t\u00e9cnicas anal\u00f3gicas de impresi\u00f3n a la sofisticaci\u00f3n de la inteligencia artificial. Seg\u00fan datos del sector, la industria del dise\u00f1o gr\u00e1fico aporta significativamente al PIB de las econom\u00edas naranjas, con un crecimiento proyectado constante para el cierre de esta d\u00e9cada. La importancia del dise\u00f1o en el ecosistema digital moderno La funci\u00f3n del dise\u00f1ador gr\u00e1fico ha trascendido el papel y las pantallas tradicionales para insertarse en el n\u00facleo del desarrollo tecnol\u00f3gico. Actualmente, el dise\u00f1o impacta la usabilidad (UX) y la interfaz de usuario (UI), permitiendo que miles de aplicaciones y sistemas funcionen de manera intuitiva. \u00bfPor qu\u00e9 es fundamental la labor del dise\u00f1ador hoy en d\u00eda? La importancia de contar con profesionales cualificados radica en la econom\u00eda de la atenci\u00f3n. El ojo humano procesa las im\u00e1genes hasta 60,000 veces m\u00e1s r\u00e1pido que el texto. Por lo tanto, un dise\u00f1o eficiente asegura que la comunicaci\u00f3n no solo sea vista, sino comprendida y recordada. El&nbsp;D\u00eda Internacional del Dise\u00f1ador Gr\u00e1fico&nbsp;nos recuerda que sin estos perfiles, el acceso a la informaci\u00f3n ser\u00eda ca\u00f3tico y fragmentado. A continuaci\u00f3n, se detallan algunos puntos clave de su relevancia: El impacto estrat\u00e9gico del dise\u00f1o en el \u00e1mbito empresarial Para las corporaciones, invertir en dise\u00f1o no es un gasto, sino una ventaja competitiva cuantificable. Un dise\u00f1o de marca coherente puede aumentar el valor percibido de un producto en un porcentaje significativo, permitiendo una diferenciaci\u00f3n real en mercados saturados. \u00bfCu\u00e1les son los beneficios de contratar dise\u00f1o profesional para los negocios? Integrar un equipo creativo aporta ventajas estrat\u00e9gicas que van m\u00e1s all\u00e1 del logotipo. Entre los beneficios principales encontramos: Las estad\u00edsticas indican que las empresas que lideran en dise\u00f1o superan el crecimiento de sus competidores en ingresos hasta en un 32%, lo cual justifica la celebraci\u00f3n y dignificaci\u00f3n que promueve el&nbsp;D\u00eda Internacional del Dise\u00f1ador Gr\u00e1fico&nbsp;en cada edici\u00f3n anual. Habilidades t\u00e9cnicas y el futuro del dise\u00f1o gr\u00e1fico El perfil del dise\u00f1ador est\u00e1 en constante mutaci\u00f3n. No basta con dominar herramientas como la suite de Adobe; hoy se requiere conocimiento en modelado 3D, animaci\u00f3n de gr\u00e1ficos y, especialmente, la \u00e9tica en el uso de la inteligencia artificial generativa. \u00bfD\u00f3nde encontrar recursos para celebrar esta fecha y aprender m\u00e1s? \u00bfD\u00f3nde se re\u00fanen los profesionales durante este d\u00eda? Generalmente, las principales facultades de dise\u00f1o, museos de arte y colegios profesionales organizan congresos, webinars y exposiciones de carteler\u00eda. Sitios web como AIGA o el mencionado Consejo Internacional de Dise\u00f1o ofrecen bancos de recursos t\u00e9cnicos y normativos p\u00fablicos que sirven como gu\u00eda para las mejores pr\u00e1cticas globales. El uso de est\u00e1ndares ISO para la tipograf\u00eda y la legibilidad en entornos urbanos son ejemplos pr\u00e1cticos de c\u00f3mo la normativa t\u00e9cnica se une a la creatividad. Durante el festejo del pr\u00f3ximo a\u00f1o, se espera un enfoque masivo en el dise\u00f1o sustentable y la reducci\u00f3n de la huella de carbono en la producci\u00f3n gr\u00e1fica, demostrando que la disciplina est\u00e1 m\u00e1s viva y consciente que nunca. Viaja c\u00f3modamente con ETN Turistar a destinos como\u00a0Aguascalientes, Ciudad de M\u00e9xico, Guadalajara, Le\u00f3n, Mazatl\u00e1n, Monterrey, Puebla, Puerto Vallarta, Quer\u00e9taro, entre otros.\u00a0Disfruta de un viaje c\u00f3modo al destino de tu preferencia. Viajar con ETN Turistar a nuestros emblem\u00e1ticos destinos, es una experiencia segura, c\u00f3moda y confortable. Sin lugar a dudas es el arte de viajar en autob\u00fas. Los autobuses de&nbsp;ETN&nbsp;se destacan por ser los m\u00e1s c\u00f3modos, por lo que hacen de tu viaje una experiencia completamente satisfactoria. Adem\u00e1s, cuenta con los siguientes servicios a bordo: Las terminales\u00a0ETN\u00a0cuentan con salas de espera\u00a0VIP, disponibles en m\u00e1s de 15 ubicaciones en todo el pa\u00eds. Para m\u00e1s informaci\u00f3n sobre nuestros servicios y destinos, puedes visitar nuestro sitio web\u00a0https:\/\/www.etn.com.mx\u00a0o llamar al Tel.:\u00a0800 8000 386.<\/p>\n","protected":false},"author":15,"featured_media":6218,"comment_status":"open","ping_status":"closed","sticky":false,"template":"","format":"standard","meta":{"neve_meta_sidebar":"","neve_meta_container":"","neve_meta_enable_content_width":"","neve_meta_content_width":0,"neve_meta_title_alignment":"","neve_meta_author_avatar":"","neve_post_elements_order":"","neve_meta_disable_header":"","neve_meta_disable_footer":"","neve_meta_disable_title":"","footnotes":""},"categories":[3,46,1337],"tags":[],"class_list":["post-6216","post","type-post","status-publish","format-standard","has-post-thumbnail","hentry","category-destinos","category-etn-turistar","category-turismo-mexico"],"yoast_head":"<!-- This site is optimized with the Yoast SEO plugin v27.3 - https:\/\/yoast.com\/product\/yoast-seo-wordpress\/ -->\n<title>D\u00eda Internacional del Dise\u00f1ador Gr\u00e1fico: Origen y trascendencia<\/title>\n<meta name=\"description\" content=\"Descubre por qu\u00e9 se celebra el D\u00eda Internacional del Dise\u00f1ador Gr\u00e1fico cada 27 de abril, su impacto hist\u00f3rico y la importancia de la comunicaci\u00f3n visual.\" \/>\n<meta name=\"robots\" content=\"index, follow, max-snippet:-1, max-image-preview:large, max-video-preview:-1\" \/>\n<link rel=\"canonical\" href=\"https:\/\/etn.com.mx\/blog\/dia-internacional-del-disenador-grafico\/\" \/>\n<meta property=\"og:locale\" content=\"es_ES\" \/>\n<meta property=\"og:type\" content=\"article\" \/>\n<meta property=\"og:title\" content=\"D\u00eda Internacional del Dise\u00f1ador Gr\u00e1fico: Origen y trascendencia\" \/>\n<meta property=\"og:description\" content=\"Descubre por qu\u00e9 se celebra el D\u00eda Internacional del Dise\u00f1ador Gr\u00e1fico cada 27 de abril, su impacto hist\u00f3rico y la importancia de la comunicaci\u00f3n visual.\" \/>\n<meta property=\"og:url\" content=\"https:\/\/etn.com.mx\/blog\/dia-internacional-del-disenador-grafico\/\" \/>\n<meta property=\"og:site_name\" content=\"Blog ETN Turistar\" \/>\n<meta property=\"article:publisher\" content=\"https:\/\/www.facebook.com\/etnturistar\/\" \/>\n<meta property=\"article:author\" content=\"https:\/\/www.facebook.com\/etnturistar\" \/>\n<meta property=\"article:published_time\" content=\"2026-04-25T15:49:00+00:00\" \/>\n<meta property=\"og:image\" content=\"https:\/\/etn.com.mx\/blog\/wp-content\/uploads\/2026\/03\/dia-del-disenador-grafico.webp\" \/>\n\t<meta property=\"og:image:width\" content=\"1360\" \/>\n\t<meta property=\"og:image:height\" content=\"768\" \/>\n\t<meta property=\"og:image:type\" content=\"image\/webp\" \/>\n<meta name=\"author\" content=\"ETN Turistar Boletos de autob\u00fas\" \/>\n<meta name=\"twitter:card\" content=\"summary_large_image\" \/>\n<meta name=\"twitter:creator\" content=\"@ETNTURISTAR\" \/>\n<meta name=\"twitter:site\" content=\"@ETNTURISTAR\" \/>\n<meta name=\"twitter:label1\" content=\"Escrito por\" \/>\n\t<meta name=\"twitter:data1\" content=\"ETN Turistar Boletos de autob\u00fas\" \/>\n\t<meta name=\"twitter:label2\" content=\"Tiempo de lectura\" \/>\n\t<meta name=\"twitter:data2\" content=\"5 minutos\" \/>\n<script type=\"application\/ld+json\" class=\"yoast-schema-graph\">{\"@context\":\"https:\\\/\\\/schema.org\",\"@graph\":[{\"@type\":\"Article\",\"@id\":\"https:\\\/\\\/etn.com.mx\\\/blog\\\/dia-internacional-del-disenador-grafico\\\/#article\",\"isPartOf\":{\"@id\":\"https:\\\/\\\/etn.com.mx\\\/blog\\\/dia-internacional-del-disenador-grafico\\\/\"},\"author\":{\"name\":\"ETN Turistar Boletos de autob\u00fas\",\"@id\":\"https:\\\/\\\/etn.com.mx\\\/blog\\\/#\\\/schema\\\/person\\\/fffbc5e1d1ec1f41e0d89bfd4ecf6a82\"},\"headline\":\"La evoluci\u00f3n de la comunicaci\u00f3n visual: Un an\u00e1lisis por el D\u00eda Internacional del Dise\u00f1ador Gr\u00e1fico\",\"datePublished\":\"2026-04-25T15:49:00+00:00\",\"mainEntityOfPage\":{\"@id\":\"https:\\\/\\\/etn.com.mx\\\/blog\\\/dia-internacional-del-disenador-grafico\\\/\"},\"wordCount\":1112,\"commentCount\":0,\"publisher\":{\"@id\":\"https:\\\/\\\/etn.com.mx\\\/blog\\\/#organization\"},\"image\":{\"@id\":\"https:\\\/\\\/etn.com.mx\\\/blog\\\/dia-internacional-del-disenador-grafico\\\/#primaryimage\"},\"thumbnailUrl\":\"https:\\\/\\\/etn.com.mx\\\/blog\\\/wp-content\\\/uploads\\\/2026\\\/03\\\/dia-del-disenador-grafico.webp\",\"articleSection\":[\"Destinos\",\"ETN Turistar\",\"Turismo M\u00e9xico\"],\"inLanguage\":\"es\",\"potentialAction\":[{\"@type\":\"CommentAction\",\"name\":\"Comment\",\"target\":[\"https:\\\/\\\/etn.com.mx\\\/blog\\\/dia-internacional-del-disenador-grafico\\\/#respond\"]}]},{\"@type\":\"WebPage\",\"@id\":\"https:\\\/\\\/etn.com.mx\\\/blog\\\/dia-internacional-del-disenador-grafico\\\/\",\"url\":\"https:\\\/\\\/etn.com.mx\\\/blog\\\/dia-internacional-del-disenador-grafico\\\/\",\"name\":\"D\u00eda Internacional del Dise\u00f1ador Gr\u00e1fico: Origen y trascendencia\",\"isPartOf\":{\"@id\":\"https:\\\/\\\/etn.com.mx\\\/blog\\\/#website\"},\"primaryImageOfPage\":{\"@id\":\"https:\\\/\\\/etn.com.mx\\\/blog\\\/dia-internacional-del-disenador-grafico\\\/#primaryimage\"},\"image\":{\"@id\":\"https:\\\/\\\/etn.com.mx\\\/blog\\\/dia-internacional-del-disenador-grafico\\\/#primaryimage\"},\"thumbnailUrl\":\"https:\\\/\\\/etn.com.mx\\\/blog\\\/wp-content\\\/uploads\\\/2026\\\/03\\\/dia-del-disenador-grafico.webp\",\"datePublished\":\"2026-04-25T15:49:00+00:00\",\"description\":\"Descubre por qu\u00e9 se celebra el D\u00eda Internacional del Dise\u00f1ador Gr\u00e1fico cada 27 de abril, su impacto hist\u00f3rico y la importancia de la comunicaci\u00f3n visual.\",\"breadcrumb\":{\"@id\":\"https:\\\/\\\/etn.com.mx\\\/blog\\\/dia-internacional-del-disenador-grafico\\\/#breadcrumb\"},\"inLanguage\":\"es\",\"potentialAction\":[{\"@type\":\"ReadAction\",\"target\":[\"https:\\\/\\\/etn.com.mx\\\/blog\\\/dia-internacional-del-disenador-grafico\\\/\"]}]},{\"@type\":\"ImageObject\",\"inLanguage\":\"es\",\"@id\":\"https:\\\/\\\/etn.com.mx\\\/blog\\\/dia-internacional-del-disenador-grafico\\\/#primaryimage\",\"url\":\"https:\\\/\\\/etn.com.mx\\\/blog\\\/wp-content\\\/uploads\\\/2026\\\/03\\\/dia-del-disenador-grafico.webp\",\"contentUrl\":\"https:\\\/\\\/etn.com.mx\\\/blog\\\/wp-content\\\/uploads\\\/2026\\\/03\\\/dia-del-disenador-grafico.webp\",\"width\":1360,\"height\":768,\"caption\":\"dia-del-disenador-grafico\"},{\"@type\":\"BreadcrumbList\",\"@id\":\"https:\\\/\\\/etn.com.mx\\\/blog\\\/dia-internacional-del-disenador-grafico\\\/#breadcrumb\",\"itemListElement\":[{\"@type\":\"ListItem\",\"position\":1,\"name\":\"Inicio Blog\",\"item\":\"https:\\\/\\\/etn.com.mx\\\/blog\\\/\"},{\"@type\":\"ListItem\",\"position\":2,\"name\":\"Destinos\",\"item\":\"https:\\\/\\\/etn.com.mx\\\/blog\\\/category\\\/destinos\\\/\"},{\"@type\":\"ListItem\",\"position\":3,\"name\":\"La evoluci\u00f3n de la comunicaci\u00f3n visual: Un an\u00e1lisis por el D\u00eda Internacional del Dise\u00f1ador Gr\u00e1fico\"}]},{\"@type\":\"WebSite\",\"@id\":\"https:\\\/\\\/etn.com.mx\\\/blog\\\/#website\",\"url\":\"https:\\\/\\\/etn.com.mx\\\/blog\\\/\",\"name\":\"Blog ETN\",\"description\":\"Blog ETN L\u00ednea de Autobuses de lujo con destinos a M\u00e9xico, Guadalajara, Morelia, Le\u00f3n, Quer\u00e9taro, San Luis Potos\u00ed, Monterrey, Acapulco y 24 estados de la rep\u00fablica.\",\"publisher\":{\"@id\":\"https:\\\/\\\/etn.com.mx\\\/blog\\\/#organization\"},\"alternateName\":\"Autobuses ETN Turistar\",\"potentialAction\":[{\"@type\":\"SearchAction\",\"target\":{\"@type\":\"EntryPoint\",\"urlTemplate\":\"https:\\\/\\\/etn.com.mx\\\/blog\\\/?s={search_term_string}\"},\"query-input\":{\"@type\":\"PropertyValueSpecification\",\"valueRequired\":true,\"valueName\":\"search_term_string\"}}],\"inLanguage\":\"es\"},{\"@type\":\"Organization\",\"@id\":\"https:\\\/\\\/etn.com.mx\\\/blog\\\/#organization\",\"name\":\"ETN Turistar Lujo\",\"alternateName\":\"Boletos de autobus ETN\",\"url\":\"https:\\\/\\\/etn.com.mx\\\/blog\\\/\",\"logo\":{\"@type\":\"ImageObject\",\"inLanguage\":\"es\",\"@id\":\"https:\\\/\\\/etn.com.mx\\\/blog\\\/#\\\/schema\\\/logo\\\/image\\\/\",\"url\":\"https:\\\/\\\/etn.com.mx\\\/blog\\\/wp-content\\\/uploads\\\/2023\\\/07\\\/logo-etnturistar.png\",\"contentUrl\":\"https:\\\/\\\/etn.com.mx\\\/blog\\\/wp-content\\\/uploads\\\/2023\\\/07\\\/logo-etnturistar.png\",\"width\":495,\"height\":52,\"caption\":\"ETN Turistar Lujo\"},\"image\":{\"@id\":\"https:\\\/\\\/etn.com.mx\\\/blog\\\/#\\\/schema\\\/logo\\\/image\\\/\"},\"sameAs\":[\"https:\\\/\\\/www.facebook.com\\\/etnturistar\\\/\",\"https:\\\/\\\/x.com\\\/ETNTURISTAR\"]},{\"@type\":\"Person\",\"@id\":\"https:\\\/\\\/etn.com.mx\\\/blog\\\/#\\\/schema\\\/person\\\/fffbc5e1d1ec1f41e0d89bfd4ecf6a82\",\"name\":\"ETN Turistar Boletos de autob\u00fas\",\"image\":{\"@type\":\"ImageObject\",\"inLanguage\":\"es\",\"@id\":\"https:\\\/\\\/secure.gravatar.com\\\/avatar\\\/377cbd78ae908164a584db6b641972aecb63e933e0c7a5b8999a91fe8815e82e?s=96&d=mm&r=g\",\"url\":\"https:\\\/\\\/secure.gravatar.com\\\/avatar\\\/377cbd78ae908164a584db6b641972aecb63e933e0c7a5b8999a91fe8815e82e?s=96&d=mm&r=g\",\"contentUrl\":\"https:\\\/\\\/secure.gravatar.com\\\/avatar\\\/377cbd78ae908164a584db6b641972aecb63e933e0c7a5b8999a91fe8815e82e?s=96&d=mm&r=g\",\"caption\":\"ETN Turistar Boletos de autob\u00fas\"},\"description\":\"Compra boletos de autob\u00fas con ETN y viaja a m\u00e1s de 60 destinos en M\u00e9xico. Disfruta los autobuses de lujo, seguridad y confort. \u00a1Reserva f\u00e1cil en l\u00ednea!\",\"sameAs\":[\"https:\\\/\\\/etn.com.mx\",\"https:\\\/\\\/www.facebook.com\\\/etnturistar\",\"https:\\\/\\\/www.instagram.com\\\/etn_turistar\",\"https:\\\/\\\/www.linkedin.com\\\/company\\\/etn-turistar-lujo\",\"https:\\\/\\\/www.youtube.com\\\/ETNTuristarLujo\"],\"url\":\"https:\\\/\\\/etn.com.mx\\\/blog\\\/author\\\/etnturistar\\\/\"}]}<\/script>\n<!-- \/ Yoast SEO plugin. -->","yoast_head_json":{"title":"D\u00eda Internacional del Dise\u00f1ador Gr\u00e1fico: Origen y trascendencia","description":"Descubre por qu\u00e9 se celebra el D\u00eda Internacional del Dise\u00f1ador Gr\u00e1fico cada 27 de abril, su impacto hist\u00f3rico y la importancia de la comunicaci\u00f3n visual.","robots":{"index":"index","follow":"follow","max-snippet":"max-snippet:-1","max-image-preview":"max-image-preview:large","max-video-preview":"max-video-preview:-1"},"canonical":"https:\/\/etn.com.mx\/blog\/dia-internacional-del-disenador-grafico\/","og_locale":"es_ES","og_type":"article","og_title":"D\u00eda Internacional del Dise\u00f1ador Gr\u00e1fico: Origen y trascendencia","og_description":"Descubre por qu\u00e9 se celebra el D\u00eda Internacional del Dise\u00f1ador Gr\u00e1fico cada 27 de abril, su impacto hist\u00f3rico y la importancia de la comunicaci\u00f3n visual.","og_url":"https:\/\/etn.com.mx\/blog\/dia-internacional-del-disenador-grafico\/","og_site_name":"Blog ETN Turistar","article_publisher":"https:\/\/www.facebook.com\/etnturistar\/","article_author":"https:\/\/www.facebook.com\/etnturistar","article_published_time":"2026-04-25T15:49:00+00:00","og_image":[{"width":1360,"height":768,"url":"https:\/\/etn.com.mx\/blog\/wp-content\/uploads\/2026\/03\/dia-del-disenador-grafico.webp","type":"image\/webp"}],"author":"ETN Turistar Boletos de autob\u00fas","twitter_card":"summary_large_image","twitter_creator":"@ETNTURISTAR","twitter_site":"@ETNTURISTAR","twitter_misc":{"Escrito por":"ETN Turistar Boletos de autob\u00fas","Tiempo de lectura":"5 minutos"},"schema":{"@context":"https:\/\/schema.org","@graph":[{"@type":"Article","@id":"https:\/\/etn.com.mx\/blog\/dia-internacional-del-disenador-grafico\/#article","isPartOf":{"@id":"https:\/\/etn.com.mx\/blog\/dia-internacional-del-disenador-grafico\/"},"author":{"name":"ETN Turistar Boletos de autob\u00fas","@id":"https:\/\/etn.com.mx\/blog\/#\/schema\/person\/fffbc5e1d1ec1f41e0d89bfd4ecf6a82"},"headline":"La evoluci\u00f3n de la comunicaci\u00f3n visual: Un an\u00e1lisis por el D\u00eda Internacional del Dise\u00f1ador Gr\u00e1fico","datePublished":"2026-04-25T15:49:00+00:00","mainEntityOfPage":{"@id":"https:\/\/etn.com.mx\/blog\/dia-internacional-del-disenador-grafico\/"},"wordCount":1112,"commentCount":0,"publisher":{"@id":"https:\/\/etn.com.mx\/blog\/#organization"},"image":{"@id":"https:\/\/etn.com.mx\/blog\/dia-internacional-del-disenador-grafico\/#primaryimage"},"thumbnailUrl":"https:\/\/etn.com.mx\/blog\/wp-content\/uploads\/2026\/03\/dia-del-disenador-grafico.webp","articleSection":["Destinos","ETN Turistar","Turismo M\u00e9xico"],"inLanguage":"es","potentialAction":[{"@type":"CommentAction","name":"Comment","target":["https:\/\/etn.com.mx\/blog\/dia-internacional-del-disenador-grafico\/#respond"]}]},{"@type":"WebPage","@id":"https:\/\/etn.com.mx\/blog\/dia-internacional-del-disenador-grafico\/","url":"https:\/\/etn.com.mx\/blog\/dia-internacional-del-disenador-grafico\/","name":"D\u00eda Internacional del Dise\u00f1ador Gr\u00e1fico: Origen y trascendencia","isPartOf":{"@id":"https:\/\/etn.com.mx\/blog\/#website"},"primaryImageOfPage":{"@id":"https:\/\/etn.com.mx\/blog\/dia-internacional-del-disenador-grafico\/#primaryimage"},"image":{"@id":"https:\/\/etn.com.mx\/blog\/dia-internacional-del-disenador-grafico\/#primaryimage"},"thumbnailUrl":"https:\/\/etn.com.mx\/blog\/wp-content\/uploads\/2026\/03\/dia-del-disenador-grafico.webp","datePublished":"2026-04-25T15:49:00+00:00","description":"Descubre por qu\u00e9 se celebra el D\u00eda Internacional del Dise\u00f1ador Gr\u00e1fico cada 27 de abril, su impacto hist\u00f3rico y la importancia de la comunicaci\u00f3n visual.","breadcrumb":{"@id":"https:\/\/etn.com.mx\/blog\/dia-internacional-del-disenador-grafico\/#breadcrumb"},"inLanguage":"es","potentialAction":[{"@type":"ReadAction","target":["https:\/\/etn.com.mx\/blog\/dia-internacional-del-disenador-grafico\/"]}]},{"@type":"ImageObject","inLanguage":"es","@id":"https:\/\/etn.com.mx\/blog\/dia-internacional-del-disenador-grafico\/#primaryimage","url":"https:\/\/etn.com.mx\/blog\/wp-content\/uploads\/2026\/03\/dia-del-disenador-grafico.webp","contentUrl":"https:\/\/etn.com.mx\/blog\/wp-content\/uploads\/2026\/03\/dia-del-disenador-grafico.webp","width":1360,"height":768,"caption":"dia-del-disenador-grafico"},{"@type":"BreadcrumbList","@id":"https:\/\/etn.com.mx\/blog\/dia-internacional-del-disenador-grafico\/#breadcrumb","itemListElement":[{"@type":"ListItem","position":1,"name":"Inicio Blog","item":"https:\/\/etn.com.mx\/blog\/"},{"@type":"ListItem","position":2,"name":"Destinos","item":"https:\/\/etn.com.mx\/blog\/category\/destinos\/"},{"@type":"ListItem","position":3,"name":"La evoluci\u00f3n de la comunicaci\u00f3n visual: Un an\u00e1lisis por el D\u00eda Internacional del Dise\u00f1ador Gr\u00e1fico"}]},{"@type":"WebSite","@id":"https:\/\/etn.com.mx\/blog\/#website","url":"https:\/\/etn.com.mx\/blog\/","name":"Blog ETN","description":"Blog ETN L\u00ednea de Autobuses de lujo con destinos a M\u00e9xico, Guadalajara, Morelia, Le\u00f3n, Quer\u00e9taro, San Luis Potos\u00ed, Monterrey, Acapulco y 24 estados de la rep\u00fablica.","publisher":{"@id":"https:\/\/etn.com.mx\/blog\/#organization"},"alternateName":"Autobuses ETN Turistar","potentialAction":[{"@type":"SearchAction","target":{"@type":"EntryPoint","urlTemplate":"https:\/\/etn.com.mx\/blog\/?s={search_term_string}"},"query-input":{"@type":"PropertyValueSpecification","valueRequired":true,"valueName":"search_term_string"}}],"inLanguage":"es"},{"@type":"Organization","@id":"https:\/\/etn.com.mx\/blog\/#organization","name":"ETN Turistar Lujo","alternateName":"Boletos de autobus ETN","url":"https:\/\/etn.com.mx\/blog\/","logo":{"@type":"ImageObject","inLanguage":"es","@id":"https:\/\/etn.com.mx\/blog\/#\/schema\/logo\/image\/","url":"https:\/\/etn.com.mx\/blog\/wp-content\/uploads\/2023\/07\/logo-etnturistar.png","contentUrl":"https:\/\/etn.com.mx\/blog\/wp-content\/uploads\/2023\/07\/logo-etnturistar.png","width":495,"height":52,"caption":"ETN Turistar Lujo"},"image":{"@id":"https:\/\/etn.com.mx\/blog\/#\/schema\/logo\/image\/"},"sameAs":["https:\/\/www.facebook.com\/etnturistar\/","https:\/\/x.com\/ETNTURISTAR"]},{"@type":"Person","@id":"https:\/\/etn.com.mx\/blog\/#\/schema\/person\/fffbc5e1d1ec1f41e0d89bfd4ecf6a82","name":"ETN Turistar Boletos de autob\u00fas","image":{"@type":"ImageObject","inLanguage":"es","@id":"https:\/\/secure.gravatar.com\/avatar\/377cbd78ae908164a584db6b641972aecb63e933e0c7a5b8999a91fe8815e82e?s=96&d=mm&r=g","url":"https:\/\/secure.gravatar.com\/avatar\/377cbd78ae908164a584db6b641972aecb63e933e0c7a5b8999a91fe8815e82e?s=96&d=mm&r=g","contentUrl":"https:\/\/secure.gravatar.com\/avatar\/377cbd78ae908164a584db6b641972aecb63e933e0c7a5b8999a91fe8815e82e?s=96&d=mm&r=g","caption":"ETN Turistar Boletos de autob\u00fas"},"description":"Compra boletos de autob\u00fas con ETN y viaja a m\u00e1s de 60 destinos en M\u00e9xico. Disfruta los autobuses de lujo, seguridad y confort. \u00a1Reserva f\u00e1cil en l\u00ednea!","sameAs":["https:\/\/etn.com.mx","https:\/\/www.facebook.com\/etnturistar","https:\/\/www.instagram.com\/etn_turistar","https:\/\/www.linkedin.com\/company\/etn-turistar-lujo","https:\/\/www.youtube.com\/ETNTuristarLujo"],"url":"https:\/\/etn.com.mx\/blog\/author\/etnturistar\/"}]}},"_links":{"self":[{"href":"https:\/\/etn.com.mx\/blog\/wp-json\/wp\/v2\/posts\/6216","targetHints":{"allow":["GET"]}}],"collection":[{"href":"https:\/\/etn.com.mx\/blog\/wp-json\/wp\/v2\/posts"}],"about":[{"href":"https:\/\/etn.com.mx\/blog\/wp-json\/wp\/v2\/types\/post"}],"author":[{"embeddable":true,"href":"https:\/\/etn.com.mx\/blog\/wp-json\/wp\/v2\/users\/15"}],"replies":[{"embeddable":true,"href":"https:\/\/etn.com.mx\/blog\/wp-json\/wp\/v2\/comments?post=6216"}],"version-history":[{"count":1,"href":"https:\/\/etn.com.mx\/blog\/wp-json\/wp\/v2\/posts\/6216\/revisions"}],"predecessor-version":[{"id":6219,"href":"https:\/\/etn.com.mx\/blog\/wp-json\/wp\/v2\/posts\/6216\/revisions\/6219"}],"wp:featuredmedia":[{"embeddable":true,"href":"https:\/\/etn.com.mx\/blog\/wp-json\/wp\/v2\/media\/6218"}],"wp:attachment":[{"href":"https:\/\/etn.com.mx\/blog\/wp-json\/wp\/v2\/media?parent=6216"}],"wp:term":[{"taxonomy":"category","embeddable":true,"href":"https:\/\/etn.com.mx\/blog\/wp-json\/wp\/v2\/categories?post=6216"},{"taxonomy":"post_tag","embeddable":true,"href":"https:\/\/etn.com.mx\/blog\/wp-json\/wp\/v2\/tags?post=6216"}],"curies":[{"name":"wp","href":"https:\/\/api.w.org\/{rel}","templated":true}]}}