{"id":6161,"date":"2026-03-31T09:52:00","date_gmt":"2026-03-31T15:52:00","guid":{"rendered":"https:\/\/etn.com.mx\/blog\/?p=6161"},"modified":"2026-04-09T12:02:19","modified_gmt":"2026-04-09T18:02:19","slug":"autismo-transporte-autobus-inclusion","status":"publish","type":"post","link":"https:\/\/etn.com.mx\/blog\/autismo-transporte-autobus-inclusion\/","title":{"rendered":"El impacto del D\u00eda Mundial de Concienciaci\u00f3n sobre el Autismo en el transporte p\u00fablico urbano"},"content":{"rendered":"\n<p class=\"has-medium-font-size\">Cada 2 de abril se conmemora una fecha fundamental para la neurodiversidad. Este d\u00eda busca visibilizar las barreras que enfrentan las personas con Trastorno del Espectro Autista (TEA). Uno de los pilares de la autonom\u00eda personal es la movilidad. Por ello, es esencial entender que la relaci\u00f3n entre&nbsp;<strong>autismo y transporte en autob\u00fas<\/strong>&nbsp;define gran parte del \u00e9xito en la inclusi\u00f3n social y laboral.<\/p>\n\n\n\n<h3 class=\"wp-block-heading\">\u00bfPor qu\u00e9 es importante la movilidad adaptada en el autismo?<\/h3>\n\n\n\n<p class=\"has-medium-font-size\">El transporte p\u00fablico no solo traslada cuerpos, sino que facilita el acceso a derechos b\u00e1sicos. Para una persona con TEA, un entorno predecible es vital. La falta de adaptaci\u00f3n en las redes urbanas genera aislamiento. Fomentar sistemas donde viajar en autob\u00fas tambi\u00e9n sea inclusi\u00f3n significa eliminar el estr\u00e9s que provocan los cambios repentinos de ruta o el ruido excesivo.<\/p>\n\n\n\n<h3 class=\"wp-block-heading\">\u00bfCu\u00e1les son los beneficios de un sistema de transporte inclusivo?<\/h3>\n\n\n\n<p class=\"has-medium-font-size\">Cuando los operadores de transporte aplican protocolos de accesibilidad cognitiva, toda la sociedad se beneficia. Un dise\u00f1o universal reduce la ansiedad del usuario. Adem\u00e1s, promueve una independencia que mejora la autoestima del viajero con neurodiversidad. Un entorno adaptado permite que la persona pueda desplazarse al trabajo o a centros de estudio de forma aut\u00f3noma.<\/p>\n\n\n\n<h2 class=\"wp-block-heading\">La importancia de la accesibilidad cognitiva para personas con TEA<\/h2>\n\n\n\n<p class=\"has-medium-font-size\">La accesibilidad universal suele asociarse con rampas o ascensores para sillas de ruedas. Sin embargo, la accesibilidad cognitiva es la gran aliada del binomio&nbsp;<strong>autismo y transporte en autob\u00fas<\/strong>. Se trata de hacer el entorno f\u00e1cil de entender. Las personas con TEA procesan la informaci\u00f3n de manera distinta y el transporte p\u00fablico suele ser un caos de est\u00edmulos sensoriales.<\/p>\n\n\n\n<h3 class=\"wp-block-heading\">Implementaci\u00f3n de se\u00f1al\u00e9tica pictogr\u00e1fica y anticipaci\u00f3n visual<\/h3>\n\n\n\n<p class=\"has-medium-font-size\">El uso de sistemas aumentativos y alternativos de comunicaci\u00f3n (SAAC) es una soluci\u00f3n t\u00e9cnica eficiente. Los pictogramas ayudan a identificar las paradas, las direcciones y las normas de conducta. Seg\u00fan datos de asociaciones de transporte accesible, el uso de iconos estandarizados reduce los incidentes de desorientaci\u00f3n en un 40%. Estas herramientas permiten que el usuario sepa exactamente qu\u00e9 esperar en cada etapa del trayecto.<\/p>\n\n\n\n<p class=\"has-medium-font-size\">Las flotas modernas est\u00e1n integrando pantallas de alta visibilidad. Estas anuncian la siguiente parada de forma escrita y visual simult\u00e1neamente. Para quienes requieren una mayor anticipaci\u00f3n, esta informaci\u00f3n es cr\u00edtica. Evita el estr\u00e9s de no saber si el veh\u00edculo llegar\u00e1 pronto a su destino, un factor com\u00fan de crisis en pasajeros con hipersensibilidad.<\/p>\n\n\n<div class=\"wp-block-image\">\n<figure class=\"aligncenter size-large is-resized\"><img fetchpriority=\"high\" decoding=\"async\" width=\"1024\" height=\"578\" src=\"https:\/\/etn.com.mx\/blog\/wp-content\/uploads\/2026\/03\/Autismo-viajar-en-autobus-2026-1-1024x578.webp\" alt=\"Autismo-viajar-en-autobus-2026\" class=\"wp-image-6267\" style=\"aspect-ratio:1.771674835220551;width:586px;height:auto\" srcset=\"https:\/\/etn.com.mx\/blog\/wp-content\/uploads\/2026\/03\/Autismo-viajar-en-autobus-2026-1-1024x578.webp 1024w, https:\/\/etn.com.mx\/blog\/wp-content\/uploads\/2026\/03\/Autismo-viajar-en-autobus-2026-1-300x169.webp 300w, https:\/\/etn.com.mx\/blog\/wp-content\/uploads\/2026\/03\/Autismo-viajar-en-autobus-2026-1-768x434.webp 768w, https:\/\/etn.com.mx\/blog\/wp-content\/uploads\/2026\/03\/Autismo-viajar-en-autobus-2026-1.webp 1360w\" sizes=\"(max-width: 1024px) 100vw, 1024px\" \/><\/figure>\n<\/div>\n\n\n<h2 class=\"wp-block-heading\">Estrategias pr\u00e1cticas para que viajar en autob\u00fas tambi\u00e9n sea inclusi\u00f3n<\/h2>\n\n\n\n<p class=\"has-medium-font-size\">Lograr que el transporte sea una experiencia amable requiere acci\u00f3n tanto tecnol\u00f3gica como humana. El dise\u00f1o de \u00abviajes en cadena\u00bb busca que no existan eslabones perdidos desde que la persona sale de casa hasta que llega al autob\u00fas. \u00bfCu\u00e1les son los beneficios reales de este enfoque? La reducci\u00f3n de la incertidumbre es el mayor de ellos.<\/p>\n\n\n\n<h3 class=\"wp-block-heading\">Gu\u00edas de viaje y aplicaciones m\u00f3viles personalizadas<\/h3>\n\n\n\n<p class=\"has-medium-font-size\">Muchas empresas de transporte han comenzado a desarrollar aplicaciones con \u00abmodo TEA\u00bb. Estas herramientas simplifican la interfaz y eliminan anuncios o distracciones visuales innecesarias. Al viajar, estas apps env\u00edan notificaciones por vibraci\u00f3n antes de llegar a la parada indicada. Este tipo de tecnolog\u00eda apoya directamente el uso de&nbsp;<strong>autismo y transporte en autob\u00fas<\/strong>&nbsp;como un m\u00e9todo viable de vida diaria.<\/p>\n\n\n\n<p class=\"has-medium-font-size\">Para que la experiencia sea exitosa, es recomendable el uso de:<\/p>\n\n\n\n<ul class=\"wp-block-list\">\n<li class=\"has-medium-font-size\">Planificadores de ruta con fotos reales de las estaciones.<\/li>\n\n\n\n<li class=\"has-medium-font-size\">Sistemas de pago autom\u00e1ticos que eviten la interacci\u00f3n verbal estresante.<\/li>\n\n\n\n<li class=\"has-medium-font-size\">Zonas de espera se\u00f1alizadas como \u00e1reas de bajo est\u00edmulo sensorial.<\/li>\n<\/ul>\n\n\n\n<h2 class=\"wp-block-heading\">Normativas y avances en el transporte accesible europeo<\/h2>\n\n\n\n<p class=\"has-medium-font-size\">La legislaci\u00f3n actual ha comenzado a poner el foco en la discapacidad invisible. El Acta Europea de Accesibilidad es uno de los marcos de referencia. \u00bfCu\u00e1ndo empezaron estos cambios? Aunque la normativa general lleva d\u00e9cadas, los reglamentos espec\u00edficos sobre accesibilidad cognitiva son m\u00e1s recientes y se est\u00e1n implementando progresivamente en todas las capitales.<\/p>\n\n\n\n<h3 class=\"wp-block-heading\">Capacitaci\u00f3n del personal y protocolos de atenci\u00f3n ciudadana<\/h3>\n\n\n\n<p class=\"has-medium-font-size\">El factor humano es determinante en la experiencia de viaje. \u00bfD\u00f3nde se encuentra la mayor resistencia a menudo? En el desconocimiento. Un conductor formado sabe c\u00f3mo reaccionar ante una crisis sensorial en el veh\u00edculo. Sabe que, en ocasiones, una persona con TEA puede no responder a una orden verbal directa debido al colapso por el ruido del motor.<\/p>\n\n\n\n<p class=\"has-medium-font-size\">La formaci\u00f3n t\u00e9cnica debe incluir:<\/p>\n\n\n\n<ol class=\"wp-block-list\">\n<li class=\"has-medium-font-size\">Identificaci\u00f3n de conductas comunes del TEA.<\/li>\n\n\n\n<li class=\"has-medium-font-size\">Uso de lenguaje claro y conciso sin dobles sentidos.<\/li>\n\n\n\n<li class=\"has-medium-font-size\">Protocolos de seguridad ante comportamientos inesperados sin criminalizar al usuario.<\/li>\n<\/ol>\n\n\n\n<p class=\"has-medium-font-size\">Estad\u00edsticamente, los sistemas de transporte que capacitan a su personal reducen las quejas de servicio en un 15% anual. La concienciaci\u00f3n permite que los choferes act\u00faen como facilitadores y no como obst\u00e1culos para el pasajero neurodivergente.<\/p>\n\n\n\n<h2 class=\"wp-block-heading\">Fomento de la conciencia social en el D\u00eda Mundial del Autismo<\/h2>\n\n\n\n<p class=\"has-medium-font-size\">El D\u00eda Mundial de Concienciaci\u00f3n sobre el Autismo es la plataforma ideal para lanzar campa\u00f1as de empat\u00eda. El autob\u00fas es un espacio de convivencia. No basta con que el autob\u00fas est\u00e9 adaptado si el resto de los pasajeros muestra hostilidad o falta de paciencia ante las dificultades de un tercero.<\/p>\n\n\n\n<p class=\"has-medium-font-size\">\u00bfPor qu\u00e9 ir hacia un modelo de transporte compartido consciente? Porque la inclusi\u00f3n no es solo infraestructura; es respeto. En un entorno urbano denso, la educaci\u00f3n de la ciudadan\u00eda respecto al TEA garantiza trayectos seguros y amigables. Una ciudad que entiende las necesidades de sus ciudadanos m\u00e1s vulnerables es, en \u00faltima instancia, una ciudad mejor dise\u00f1ada para todos los que utilizamos el transporte p\u00fablico cada d\u00eda.<\/p>\n\n\n\n<p class=\"has-medium-font-size\">Viaja c\u00f3modamente c<strong>on ETN Turistar<\/strong> a destinos como&nbsp;<strong>Aguascalientes, Ciudad de M\u00e9xico, Guadalajara, Le\u00f3n, Mazatl\u00e1n, Puebla, Quer\u00e9taro<\/strong>, entre otros.&nbsp;Disfruta de un viaje c\u00f3modo al destino de tu preferencia.<\/p>\n\n\n\n<p class=\"has-medium-font-size\">Viajar con <strong>ETN Turistar<\/strong> a nuestros emblem\u00e1ticos destinos, es una experiencia segura, c\u00f3moda y confortable. Sin lugar a dudas es el arte de viajar en autob\u00fas. Los autobuses de&nbsp;<strong>ETN<\/strong>&nbsp;se destacan por ser los m\u00e1s c\u00f3modos, por lo que hacen de tu viaje una experiencia completamente satisfactoria. Adem\u00e1s, cuenta con los siguientes servicios a bordo:<\/p>\n\n\n\n<ul class=\"wp-block-list\">\n<li class=\"has-medium-font-size\">Asientos reclinables<\/li>\n\n\n\n<li class=\"has-medium-font-size\">Pantallas individuales<\/li>\n\n\n\n<li class=\"has-medium-font-size\">Sanitarios de damas y caballeros.<\/li>\n\n\n\n<li class=\"has-medium-font-size\">Conexiones el\u00e9ctricas.<\/li>\n\n\n\n<li class=\"has-medium-font-size\">Aire acondicionado personalizado.<\/li>\n<\/ul>\n\n\n\n<p class=\"has-medium-font-size\">Las terminales&nbsp;<strong>ETN<\/strong>&nbsp;cuentan con salas de espera&nbsp;VIP, disponibles en m\u00e1s de 15 ubicaciones en todo el pa\u00eds. Para m\u00e1s informaci\u00f3n sobre nuestros servicios y destinos, puedes visitar nuestro sitio web&nbsp;<a href=\"https:\/\/www.etn.com.mx\/\">https:\/\/www.etn.com.mx<\/a>&nbsp;o llamar al Tel.:&nbsp;800 8000 386.<\/p>\n\n\n\n<p><\/p>\n","protected":false},"excerpt":{"rendered":"<p>Cada 2 de abril se conmemora una fecha fundamental para la neurodiversidad. Este d\u00eda busca visibilizar las barreras que enfrentan las personas con Trastorno del Espectro Autista (TEA). Uno de los pilares de la autonom\u00eda personal es la movilidad. Por ello, es esencial entender que la relaci\u00f3n entre&nbsp;autismo y transporte en autob\u00fas&nbsp;define gran parte del \u00e9xito en la inclusi\u00f3n social y laboral. \u00bfPor qu\u00e9 es importante la movilidad adaptada en el autismo? El transporte p\u00fablico no solo traslada cuerpos, sino que facilita el acceso a derechos b\u00e1sicos. Para una persona con TEA, un entorno predecible es vital. La falta de adaptaci\u00f3n en las redes urbanas genera aislamiento. Fomentar sistemas donde viajar en autob\u00fas tambi\u00e9n sea inclusi\u00f3n significa eliminar el estr\u00e9s que provocan los cambios repentinos de ruta o el ruido excesivo. \u00bfCu\u00e1les son los beneficios de un sistema de transporte inclusivo? Cuando los operadores de transporte aplican protocolos de accesibilidad cognitiva, toda la sociedad se beneficia. Un dise\u00f1o universal reduce la ansiedad del usuario. Adem\u00e1s, promueve una independencia que mejora la autoestima del viajero con neurodiversidad. Un entorno adaptado permite que la persona pueda desplazarse al trabajo o a centros de estudio de forma aut\u00f3noma. La importancia de la accesibilidad cognitiva para personas con TEA La accesibilidad universal suele asociarse con rampas o ascensores para sillas de ruedas. Sin embargo, la accesibilidad cognitiva es la gran aliada del binomio&nbsp;autismo y transporte en autob\u00fas. Se trata de hacer el entorno f\u00e1cil de entender. Las personas con TEA procesan la informaci\u00f3n de manera distinta y el transporte p\u00fablico suele ser un caos de est\u00edmulos sensoriales. Implementaci\u00f3n de se\u00f1al\u00e9tica pictogr\u00e1fica y anticipaci\u00f3n visual El uso de sistemas aumentativos y alternativos de comunicaci\u00f3n (SAAC) es una soluci\u00f3n t\u00e9cnica eficiente. Los pictogramas ayudan a identificar las paradas, las direcciones y las normas de conducta. Seg\u00fan datos de asociaciones de transporte accesible, el uso de iconos estandarizados reduce los incidentes de desorientaci\u00f3n en un 40%. Estas herramientas permiten que el usuario sepa exactamente qu\u00e9 esperar en cada etapa del trayecto. Las flotas modernas est\u00e1n integrando pantallas de alta visibilidad. Estas anuncian la siguiente parada de forma escrita y visual simult\u00e1neamente. Para quienes requieren una mayor anticipaci\u00f3n, esta informaci\u00f3n es cr\u00edtica. Evita el estr\u00e9s de no saber si el veh\u00edculo llegar\u00e1 pronto a su destino, un factor com\u00fan de crisis en pasajeros con hipersensibilidad. Estrategias pr\u00e1cticas para que viajar en autob\u00fas tambi\u00e9n sea inclusi\u00f3n Lograr que el transporte sea una experiencia amable requiere acci\u00f3n tanto tecnol\u00f3gica como humana. El dise\u00f1o de \u00abviajes en cadena\u00bb busca que no existan eslabones perdidos desde que la persona sale de casa hasta que llega al autob\u00fas. \u00bfCu\u00e1les son los beneficios reales de este enfoque? La reducci\u00f3n de la incertidumbre es el mayor de ellos. Gu\u00edas de viaje y aplicaciones m\u00f3viles personalizadas Muchas empresas de transporte han comenzado a desarrollar aplicaciones con \u00abmodo TEA\u00bb. Estas herramientas simplifican la interfaz y eliminan anuncios o distracciones visuales innecesarias. Al viajar, estas apps env\u00edan notificaciones por vibraci\u00f3n antes de llegar a la parada indicada. Este tipo de tecnolog\u00eda apoya directamente el uso de&nbsp;autismo y transporte en autob\u00fas&nbsp;como un m\u00e9todo viable de vida diaria. Para que la experiencia sea exitosa, es recomendable el uso de: Normativas y avances en el transporte accesible europeo La legislaci\u00f3n actual ha comenzado a poner el foco en la discapacidad invisible. El Acta Europea de Accesibilidad es uno de los marcos de referencia. \u00bfCu\u00e1ndo empezaron estos cambios? Aunque la normativa general lleva d\u00e9cadas, los reglamentos espec\u00edficos sobre accesibilidad cognitiva son m\u00e1s recientes y se est\u00e1n implementando progresivamente en todas las capitales. Capacitaci\u00f3n del personal y protocolos de atenci\u00f3n ciudadana El factor humano es determinante en la experiencia de viaje. \u00bfD\u00f3nde se encuentra la mayor resistencia a menudo? En el desconocimiento. Un conductor formado sabe c\u00f3mo reaccionar ante una crisis sensorial en el veh\u00edculo. Sabe que, en ocasiones, una persona con TEA puede no responder a una orden verbal directa debido al colapso por el ruido del motor. La formaci\u00f3n t\u00e9cnica debe incluir: Estad\u00edsticamente, los sistemas de transporte que capacitan a su personal reducen las quejas de servicio en un 15% anual. La concienciaci\u00f3n permite que los choferes act\u00faen como facilitadores y no como obst\u00e1culos para el pasajero neurodivergente. Fomento de la conciencia social en el D\u00eda Mundial del Autismo El D\u00eda Mundial de Concienciaci\u00f3n sobre el Autismo es la plataforma ideal para lanzar campa\u00f1as de empat\u00eda. El autob\u00fas es un espacio de convivencia. No basta con que el autob\u00fas est\u00e9 adaptado si el resto de los pasajeros muestra hostilidad o falta de paciencia ante las dificultades de un tercero. \u00bfPor qu\u00e9 ir hacia un modelo de transporte compartido consciente? Porque la inclusi\u00f3n no es solo infraestructura; es respeto. En un entorno urbano denso, la educaci\u00f3n de la ciudadan\u00eda respecto al TEA garantiza trayectos seguros y amigables. Una ciudad que entiende las necesidades de sus ciudadanos m\u00e1s vulnerables es, en \u00faltima instancia, una ciudad mejor dise\u00f1ada para todos los que utilizamos el transporte p\u00fablico cada d\u00eda. Viaja c\u00f3modamente con ETN Turistar a destinos como&nbsp;Aguascalientes, Ciudad de M\u00e9xico, Guadalajara, Le\u00f3n, Mazatl\u00e1n, Puebla, Quer\u00e9taro, entre otros.&nbsp;Disfruta de un viaje c\u00f3modo al destino de tu preferencia. Viajar con ETN Turistar a nuestros emblem\u00e1ticos destinos, es una experiencia segura, c\u00f3moda y confortable. Sin lugar a dudas es el arte de viajar en autob\u00fas. Los autobuses de&nbsp;ETN&nbsp;se destacan por ser los m\u00e1s c\u00f3modos, por lo que hacen de tu viaje una experiencia completamente satisfactoria. Adem\u00e1s, cuenta con los siguientes servicios a bordo: Las terminales&nbsp;ETN&nbsp;cuentan con salas de espera&nbsp;VIP, disponibles en m\u00e1s de 15 ubicaciones en todo el pa\u00eds. Para m\u00e1s informaci\u00f3n sobre nuestros servicios y destinos, puedes visitar nuestro sitio web&nbsp;https:\/\/www.etn.com.mx&nbsp;o llamar al Tel.:&nbsp;800 8000 386.<\/p>\n","protected":false},"author":15,"featured_media":6269,"comment_status":"open","ping_status":"closed","sticky":false,"template":"","format":"standard","meta":{"neve_meta_sidebar":"","neve_meta_container":"","neve_meta_enable_content_width":"","neve_meta_content_width":0,"neve_meta_title_alignment":"","neve_meta_author_avatar":"","neve_post_elements_order":"","neve_meta_disable_header":"","neve_meta_disable_footer":"","neve_meta_disable_title":"","footnotes":""},"categories":[46,1337],"tags":[],"class_list":["post-6161","post","type-post","status-publish","format-standard","has-post-thumbnail","hentry","category-etn-turistar","category-turismo-mexico"],"yoast_head":"<!-- This site is optimized with the Yoast SEO plugin v27.3 - https:\/\/yoast.com\/product\/yoast-seo-wordpress\/ -->\n<title>Autismo y transporte en autob\u00fas: Claves para una movilidad inclusiva<\/title>\n<meta name=\"description\" content=\"Descubre c\u00f3mo el autismo y transporte en autob\u00fas se unen para fomentar la autonom\u00eda. Analizamos la importancia de la accesibilidad cognitiva y la inclusi\u00f3n.\" \/>\n<meta name=\"robots\" content=\"index, follow, max-snippet:-1, max-image-preview:large, max-video-preview:-1\" \/>\n<link rel=\"canonical\" href=\"https:\/\/etn.com.mx\/blog\/autismo-transporte-autobus-inclusion\/\" \/>\n<meta property=\"og:locale\" content=\"es_ES\" \/>\n<meta property=\"og:type\" content=\"article\" \/>\n<meta property=\"og:title\" content=\"Autismo y transporte en autob\u00fas: Claves para una movilidad inclusiva\" \/>\n<meta property=\"og:description\" content=\"Descubre c\u00f3mo el autismo y transporte en autob\u00fas se unen para fomentar la autonom\u00eda. Analizamos la importancia de la accesibilidad cognitiva y la inclusi\u00f3n.\" \/>\n<meta property=\"og:url\" content=\"https:\/\/etn.com.mx\/blog\/autismo-transporte-autobus-inclusion\/\" \/>\n<meta property=\"og:site_name\" content=\"Blog ETN Turistar\" \/>\n<meta property=\"article:publisher\" content=\"https:\/\/www.facebook.com\/etnturistar\/\" \/>\n<meta property=\"article:author\" content=\"https:\/\/www.facebook.com\/etnturistar\" \/>\n<meta property=\"article:published_time\" content=\"2026-03-31T15:52:00+00:00\" \/>\n<meta property=\"article:modified_time\" content=\"2026-04-09T18:02:19+00:00\" \/>\n<meta property=\"og:image\" content=\"https:\/\/etn.com.mx\/blog\/wp-content\/uploads\/2026\/03\/Autismo-viajar-en-autobus-1.webp\" \/>\n\t<meta property=\"og:image:width\" content=\"1360\" \/>\n\t<meta property=\"og:image:height\" content=\"768\" \/>\n\t<meta property=\"og:image:type\" content=\"image\/webp\" \/>\n<meta name=\"author\" content=\"ETN Turistar Boletos de autob\u00fas\" \/>\n<meta name=\"twitter:card\" content=\"summary_large_image\" \/>\n<meta name=\"twitter:creator\" content=\"@ETNTURISTAR\" \/>\n<meta name=\"twitter:site\" content=\"@ETNTURISTAR\" \/>\n<meta name=\"twitter:label1\" content=\"Escrito por\" \/>\n\t<meta name=\"twitter:data1\" content=\"ETN Turistar Boletos de autob\u00fas\" \/>\n\t<meta name=\"twitter:label2\" content=\"Tiempo de lectura\" \/>\n\t<meta name=\"twitter:data2\" content=\"6 minutos\" \/>\n<script type=\"application\/ld+json\" class=\"yoast-schema-graph\">{\"@context\":\"https:\\\/\\\/schema.org\",\"@graph\":[{\"@type\":\"Article\",\"@id\":\"https:\\\/\\\/etn.com.mx\\\/blog\\\/autismo-transporte-autobus-inclusion\\\/#article\",\"isPartOf\":{\"@id\":\"https:\\\/\\\/etn.com.mx\\\/blog\\\/autismo-transporte-autobus-inclusion\\\/\"},\"author\":{\"name\":\"ETN Turistar Boletos de autob\u00fas\",\"@id\":\"https:\\\/\\\/etn.com.mx\\\/blog\\\/#\\\/schema\\\/person\\\/fffbc5e1d1ec1f41e0d89bfd4ecf6a82\"},\"headline\":\"El impacto del D\u00eda Mundial de Concienciaci\u00f3n sobre el Autismo en el transporte p\u00fablico urbano\",\"datePublished\":\"2026-03-31T15:52:00+00:00\",\"dateModified\":\"2026-04-09T18:02:19+00:00\",\"mainEntityOfPage\":{\"@id\":\"https:\\\/\\\/etn.com.mx\\\/blog\\\/autismo-transporte-autobus-inclusion\\\/\"},\"wordCount\":1161,\"commentCount\":0,\"publisher\":{\"@id\":\"https:\\\/\\\/etn.com.mx\\\/blog\\\/#organization\"},\"image\":{\"@id\":\"https:\\\/\\\/etn.com.mx\\\/blog\\\/autismo-transporte-autobus-inclusion\\\/#primaryimage\"},\"thumbnailUrl\":\"https:\\\/\\\/etn.com.mx\\\/blog\\\/wp-content\\\/uploads\\\/2026\\\/03\\\/Autismo-viajar-en-autobus-1.webp\",\"articleSection\":[\"ETN Turistar\",\"Turismo M\u00e9xico\"],\"inLanguage\":\"es\",\"potentialAction\":[{\"@type\":\"CommentAction\",\"name\":\"Comment\",\"target\":[\"https:\\\/\\\/etn.com.mx\\\/blog\\\/autismo-transporte-autobus-inclusion\\\/#respond\"]}]},{\"@type\":\"WebPage\",\"@id\":\"https:\\\/\\\/etn.com.mx\\\/blog\\\/autismo-transporte-autobus-inclusion\\\/\",\"url\":\"https:\\\/\\\/etn.com.mx\\\/blog\\\/autismo-transporte-autobus-inclusion\\\/\",\"name\":\"Autismo y transporte en autob\u00fas: Claves para una movilidad inclusiva\",\"isPartOf\":{\"@id\":\"https:\\\/\\\/etn.com.mx\\\/blog\\\/#website\"},\"primaryImageOfPage\":{\"@id\":\"https:\\\/\\\/etn.com.mx\\\/blog\\\/autismo-transporte-autobus-inclusion\\\/#primaryimage\"},\"image\":{\"@id\":\"https:\\\/\\\/etn.com.mx\\\/blog\\\/autismo-transporte-autobus-inclusion\\\/#primaryimage\"},\"thumbnailUrl\":\"https:\\\/\\\/etn.com.mx\\\/blog\\\/wp-content\\\/uploads\\\/2026\\\/03\\\/Autismo-viajar-en-autobus-1.webp\",\"datePublished\":\"2026-03-31T15:52:00+00:00\",\"dateModified\":\"2026-04-09T18:02:19+00:00\",\"description\":\"Descubre c\u00f3mo el autismo y transporte en autob\u00fas se unen para fomentar la autonom\u00eda. Analizamos la importancia de la accesibilidad cognitiva y la inclusi\u00f3n.\",\"breadcrumb\":{\"@id\":\"https:\\\/\\\/etn.com.mx\\\/blog\\\/autismo-transporte-autobus-inclusion\\\/#breadcrumb\"},\"inLanguage\":\"es\",\"potentialAction\":[{\"@type\":\"ReadAction\",\"target\":[\"https:\\\/\\\/etn.com.mx\\\/blog\\\/autismo-transporte-autobus-inclusion\\\/\"]}]},{\"@type\":\"ImageObject\",\"inLanguage\":\"es\",\"@id\":\"https:\\\/\\\/etn.com.mx\\\/blog\\\/autismo-transporte-autobus-inclusion\\\/#primaryimage\",\"url\":\"https:\\\/\\\/etn.com.mx\\\/blog\\\/wp-content\\\/uploads\\\/2026\\\/03\\\/Autismo-viajar-en-autobus-1.webp\",\"contentUrl\":\"https:\\\/\\\/etn.com.mx\\\/blog\\\/wp-content\\\/uploads\\\/2026\\\/03\\\/Autismo-viajar-en-autobus-1.webp\",\"width\":1360,\"height\":768,\"caption\":\"Autismo-viajar-en-autobus\"},{\"@type\":\"BreadcrumbList\",\"@id\":\"https:\\\/\\\/etn.com.mx\\\/blog\\\/autismo-transporte-autobus-inclusion\\\/#breadcrumb\",\"itemListElement\":[{\"@type\":\"ListItem\",\"position\":1,\"name\":\"Inicio Blog\",\"item\":\"https:\\\/\\\/etn.com.mx\\\/blog\\\/\"},{\"@type\":\"ListItem\",\"position\":2,\"name\":\"ETN Turistar\",\"item\":\"https:\\\/\\\/etn.com.mx\\\/blog\\\/category\\\/etn-turistar\\\/\"},{\"@type\":\"ListItem\",\"position\":3,\"name\":\"El impacto del D\u00eda Mundial de Concienciaci\u00f3n sobre el Autismo en el transporte p\u00fablico urbano\"}]},{\"@type\":\"WebSite\",\"@id\":\"https:\\\/\\\/etn.com.mx\\\/blog\\\/#website\",\"url\":\"https:\\\/\\\/etn.com.mx\\\/blog\\\/\",\"name\":\"Blog ETN\",\"description\":\"Blog ETN L\u00ednea de Autobuses de lujo con destinos a M\u00e9xico, Guadalajara, Morelia, Le\u00f3n, Quer\u00e9taro, San Luis Potos\u00ed, Monterrey, Acapulco y 24 estados de la rep\u00fablica.\",\"publisher\":{\"@id\":\"https:\\\/\\\/etn.com.mx\\\/blog\\\/#organization\"},\"alternateName\":\"Autobuses ETN Turistar\",\"potentialAction\":[{\"@type\":\"SearchAction\",\"target\":{\"@type\":\"EntryPoint\",\"urlTemplate\":\"https:\\\/\\\/etn.com.mx\\\/blog\\\/?s={search_term_string}\"},\"query-input\":{\"@type\":\"PropertyValueSpecification\",\"valueRequired\":true,\"valueName\":\"search_term_string\"}}],\"inLanguage\":\"es\"},{\"@type\":\"Organization\",\"@id\":\"https:\\\/\\\/etn.com.mx\\\/blog\\\/#organization\",\"name\":\"ETN Turistar Lujo\",\"alternateName\":\"Boletos de autobus ETN\",\"url\":\"https:\\\/\\\/etn.com.mx\\\/blog\\\/\",\"logo\":{\"@type\":\"ImageObject\",\"inLanguage\":\"es\",\"@id\":\"https:\\\/\\\/etn.com.mx\\\/blog\\\/#\\\/schema\\\/logo\\\/image\\\/\",\"url\":\"https:\\\/\\\/etn.com.mx\\\/blog\\\/wp-content\\\/uploads\\\/2023\\\/07\\\/logo-etnturistar.png\",\"contentUrl\":\"https:\\\/\\\/etn.com.mx\\\/blog\\\/wp-content\\\/uploads\\\/2023\\\/07\\\/logo-etnturistar.png\",\"width\":495,\"height\":52,\"caption\":\"ETN Turistar Lujo\"},\"image\":{\"@id\":\"https:\\\/\\\/etn.com.mx\\\/blog\\\/#\\\/schema\\\/logo\\\/image\\\/\"},\"sameAs\":[\"https:\\\/\\\/www.facebook.com\\\/etnturistar\\\/\",\"https:\\\/\\\/x.com\\\/ETNTURISTAR\"]},{\"@type\":\"Person\",\"@id\":\"https:\\\/\\\/etn.com.mx\\\/blog\\\/#\\\/schema\\\/person\\\/fffbc5e1d1ec1f41e0d89bfd4ecf6a82\",\"name\":\"ETN Turistar Boletos de autob\u00fas\",\"image\":{\"@type\":\"ImageObject\",\"inLanguage\":\"es\",\"@id\":\"https:\\\/\\\/secure.gravatar.com\\\/avatar\\\/377cbd78ae908164a584db6b641972aecb63e933e0c7a5b8999a91fe8815e82e?s=96&d=mm&r=g\",\"url\":\"https:\\\/\\\/secure.gravatar.com\\\/avatar\\\/377cbd78ae908164a584db6b641972aecb63e933e0c7a5b8999a91fe8815e82e?s=96&d=mm&r=g\",\"contentUrl\":\"https:\\\/\\\/secure.gravatar.com\\\/avatar\\\/377cbd78ae908164a584db6b641972aecb63e933e0c7a5b8999a91fe8815e82e?s=96&d=mm&r=g\",\"caption\":\"ETN Turistar Boletos de autob\u00fas\"},\"description\":\"Compra boletos de autob\u00fas con ETN y viaja a m\u00e1s de 60 destinos en M\u00e9xico. Disfruta los autobuses de lujo, seguridad y confort. \u00a1Reserva f\u00e1cil en l\u00ednea!\",\"sameAs\":[\"https:\\\/\\\/etn.com.mx\",\"https:\\\/\\\/www.facebook.com\\\/etnturistar\",\"https:\\\/\\\/www.instagram.com\\\/etn_turistar\",\"https:\\\/\\\/www.linkedin.com\\\/company\\\/etn-turistar-lujo\",\"https:\\\/\\\/www.youtube.com\\\/ETNTuristarLujo\"],\"url\":\"https:\\\/\\\/etn.com.mx\\\/blog\\\/author\\\/etnturistar\\\/\"}]}<\/script>\n<!-- \/ Yoast SEO plugin. -->","yoast_head_json":{"title":"Autismo y transporte en autob\u00fas: Claves para una movilidad inclusiva","description":"Descubre c\u00f3mo el autismo y transporte en autob\u00fas se unen para fomentar la autonom\u00eda. Analizamos la importancia de la accesibilidad cognitiva y la inclusi\u00f3n.","robots":{"index":"index","follow":"follow","max-snippet":"max-snippet:-1","max-image-preview":"max-image-preview:large","max-video-preview":"max-video-preview:-1"},"canonical":"https:\/\/etn.com.mx\/blog\/autismo-transporte-autobus-inclusion\/","og_locale":"es_ES","og_type":"article","og_title":"Autismo y transporte en autob\u00fas: Claves para una movilidad inclusiva","og_description":"Descubre c\u00f3mo el autismo y transporte en autob\u00fas se unen para fomentar la autonom\u00eda. Analizamos la importancia de la accesibilidad cognitiva y la inclusi\u00f3n.","og_url":"https:\/\/etn.com.mx\/blog\/autismo-transporte-autobus-inclusion\/","og_site_name":"Blog ETN Turistar","article_publisher":"https:\/\/www.facebook.com\/etnturistar\/","article_author":"https:\/\/www.facebook.com\/etnturistar","article_published_time":"2026-03-31T15:52:00+00:00","article_modified_time":"2026-04-09T18:02:19+00:00","og_image":[{"width":1360,"height":768,"url":"https:\/\/etn.com.mx\/blog\/wp-content\/uploads\/2026\/03\/Autismo-viajar-en-autobus-1.webp","type":"image\/webp"}],"author":"ETN Turistar Boletos de autob\u00fas","twitter_card":"summary_large_image","twitter_creator":"@ETNTURISTAR","twitter_site":"@ETNTURISTAR","twitter_misc":{"Escrito por":"ETN Turistar Boletos de autob\u00fas","Tiempo de lectura":"6 minutos"},"schema":{"@context":"https:\/\/schema.org","@graph":[{"@type":"Article","@id":"https:\/\/etn.com.mx\/blog\/autismo-transporte-autobus-inclusion\/#article","isPartOf":{"@id":"https:\/\/etn.com.mx\/blog\/autismo-transporte-autobus-inclusion\/"},"author":{"name":"ETN Turistar Boletos de autob\u00fas","@id":"https:\/\/etn.com.mx\/blog\/#\/schema\/person\/fffbc5e1d1ec1f41e0d89bfd4ecf6a82"},"headline":"El impacto del D\u00eda Mundial de Concienciaci\u00f3n sobre el Autismo en el transporte p\u00fablico urbano","datePublished":"2026-03-31T15:52:00+00:00","dateModified":"2026-04-09T18:02:19+00:00","mainEntityOfPage":{"@id":"https:\/\/etn.com.mx\/blog\/autismo-transporte-autobus-inclusion\/"},"wordCount":1161,"commentCount":0,"publisher":{"@id":"https:\/\/etn.com.mx\/blog\/#organization"},"image":{"@id":"https:\/\/etn.com.mx\/blog\/autismo-transporte-autobus-inclusion\/#primaryimage"},"thumbnailUrl":"https:\/\/etn.com.mx\/blog\/wp-content\/uploads\/2026\/03\/Autismo-viajar-en-autobus-1.webp","articleSection":["ETN Turistar","Turismo M\u00e9xico"],"inLanguage":"es","potentialAction":[{"@type":"CommentAction","name":"Comment","target":["https:\/\/etn.com.mx\/blog\/autismo-transporte-autobus-inclusion\/#respond"]}]},{"@type":"WebPage","@id":"https:\/\/etn.com.mx\/blog\/autismo-transporte-autobus-inclusion\/","url":"https:\/\/etn.com.mx\/blog\/autismo-transporte-autobus-inclusion\/","name":"Autismo y transporte en autob\u00fas: Claves para una movilidad inclusiva","isPartOf":{"@id":"https:\/\/etn.com.mx\/blog\/#website"},"primaryImageOfPage":{"@id":"https:\/\/etn.com.mx\/blog\/autismo-transporte-autobus-inclusion\/#primaryimage"},"image":{"@id":"https:\/\/etn.com.mx\/blog\/autismo-transporte-autobus-inclusion\/#primaryimage"},"thumbnailUrl":"https:\/\/etn.com.mx\/blog\/wp-content\/uploads\/2026\/03\/Autismo-viajar-en-autobus-1.webp","datePublished":"2026-03-31T15:52:00+00:00","dateModified":"2026-04-09T18:02:19+00:00","description":"Descubre c\u00f3mo el autismo y transporte en autob\u00fas se unen para fomentar la autonom\u00eda. Analizamos la importancia de la accesibilidad cognitiva y la inclusi\u00f3n.","breadcrumb":{"@id":"https:\/\/etn.com.mx\/blog\/autismo-transporte-autobus-inclusion\/#breadcrumb"},"inLanguage":"es","potentialAction":[{"@type":"ReadAction","target":["https:\/\/etn.com.mx\/blog\/autismo-transporte-autobus-inclusion\/"]}]},{"@type":"ImageObject","inLanguage":"es","@id":"https:\/\/etn.com.mx\/blog\/autismo-transporte-autobus-inclusion\/#primaryimage","url":"https:\/\/etn.com.mx\/blog\/wp-content\/uploads\/2026\/03\/Autismo-viajar-en-autobus-1.webp","contentUrl":"https:\/\/etn.com.mx\/blog\/wp-content\/uploads\/2026\/03\/Autismo-viajar-en-autobus-1.webp","width":1360,"height":768,"caption":"Autismo-viajar-en-autobus"},{"@type":"BreadcrumbList","@id":"https:\/\/etn.com.mx\/blog\/autismo-transporte-autobus-inclusion\/#breadcrumb","itemListElement":[{"@type":"ListItem","position":1,"name":"Inicio Blog","item":"https:\/\/etn.com.mx\/blog\/"},{"@type":"ListItem","position":2,"name":"ETN Turistar","item":"https:\/\/etn.com.mx\/blog\/category\/etn-turistar\/"},{"@type":"ListItem","position":3,"name":"El impacto del D\u00eda Mundial de Concienciaci\u00f3n sobre el Autismo en el transporte p\u00fablico urbano"}]},{"@type":"WebSite","@id":"https:\/\/etn.com.mx\/blog\/#website","url":"https:\/\/etn.com.mx\/blog\/","name":"Blog ETN","description":"Blog ETN L\u00ednea de Autobuses de lujo con destinos a M\u00e9xico, Guadalajara, Morelia, Le\u00f3n, Quer\u00e9taro, San Luis Potos\u00ed, Monterrey, Acapulco y 24 estados de la rep\u00fablica.","publisher":{"@id":"https:\/\/etn.com.mx\/blog\/#organization"},"alternateName":"Autobuses ETN Turistar","potentialAction":[{"@type":"SearchAction","target":{"@type":"EntryPoint","urlTemplate":"https:\/\/etn.com.mx\/blog\/?s={search_term_string}"},"query-input":{"@type":"PropertyValueSpecification","valueRequired":true,"valueName":"search_term_string"}}],"inLanguage":"es"},{"@type":"Organization","@id":"https:\/\/etn.com.mx\/blog\/#organization","name":"ETN Turistar Lujo","alternateName":"Boletos de autobus ETN","url":"https:\/\/etn.com.mx\/blog\/","logo":{"@type":"ImageObject","inLanguage":"es","@id":"https:\/\/etn.com.mx\/blog\/#\/schema\/logo\/image\/","url":"https:\/\/etn.com.mx\/blog\/wp-content\/uploads\/2023\/07\/logo-etnturistar.png","contentUrl":"https:\/\/etn.com.mx\/blog\/wp-content\/uploads\/2023\/07\/logo-etnturistar.png","width":495,"height":52,"caption":"ETN Turistar Lujo"},"image":{"@id":"https:\/\/etn.com.mx\/blog\/#\/schema\/logo\/image\/"},"sameAs":["https:\/\/www.facebook.com\/etnturistar\/","https:\/\/x.com\/ETNTURISTAR"]},{"@type":"Person","@id":"https:\/\/etn.com.mx\/blog\/#\/schema\/person\/fffbc5e1d1ec1f41e0d89bfd4ecf6a82","name":"ETN Turistar Boletos de autob\u00fas","image":{"@type":"ImageObject","inLanguage":"es","@id":"https:\/\/secure.gravatar.com\/avatar\/377cbd78ae908164a584db6b641972aecb63e933e0c7a5b8999a91fe8815e82e?s=96&d=mm&r=g","url":"https:\/\/secure.gravatar.com\/avatar\/377cbd78ae908164a584db6b641972aecb63e933e0c7a5b8999a91fe8815e82e?s=96&d=mm&r=g","contentUrl":"https:\/\/secure.gravatar.com\/avatar\/377cbd78ae908164a584db6b641972aecb63e933e0c7a5b8999a91fe8815e82e?s=96&d=mm&r=g","caption":"ETN Turistar Boletos de autob\u00fas"},"description":"Compra boletos de autob\u00fas con ETN y viaja a m\u00e1s de 60 destinos en M\u00e9xico. Disfruta los autobuses de lujo, seguridad y confort. \u00a1Reserva f\u00e1cil en l\u00ednea!","sameAs":["https:\/\/etn.com.mx","https:\/\/www.facebook.com\/etnturistar","https:\/\/www.instagram.com\/etn_turistar","https:\/\/www.linkedin.com\/company\/etn-turistar-lujo","https:\/\/www.youtube.com\/ETNTuristarLujo"],"url":"https:\/\/etn.com.mx\/blog\/author\/etnturistar\/"}]}},"_links":{"self":[{"href":"https:\/\/etn.com.mx\/blog\/wp-json\/wp\/v2\/posts\/6161","targetHints":{"allow":["GET"]}}],"collection":[{"href":"https:\/\/etn.com.mx\/blog\/wp-json\/wp\/v2\/posts"}],"about":[{"href":"https:\/\/etn.com.mx\/blog\/wp-json\/wp\/v2\/types\/post"}],"author":[{"embeddable":true,"href":"https:\/\/etn.com.mx\/blog\/wp-json\/wp\/v2\/users\/15"}],"replies":[{"embeddable":true,"href":"https:\/\/etn.com.mx\/blog\/wp-json\/wp\/v2\/comments?post=6161"}],"version-history":[{"count":2,"href":"https:\/\/etn.com.mx\/blog\/wp-json\/wp\/v2\/posts\/6161\/revisions"}],"predecessor-version":[{"id":6270,"href":"https:\/\/etn.com.mx\/blog\/wp-json\/wp\/v2\/posts\/6161\/revisions\/6270"}],"wp:featuredmedia":[{"embeddable":true,"href":"https:\/\/etn.com.mx\/blog\/wp-json\/wp\/v2\/media\/6269"}],"wp:attachment":[{"href":"https:\/\/etn.com.mx\/blog\/wp-json\/wp\/v2\/media?parent=6161"}],"wp:term":[{"taxonomy":"category","embeddable":true,"href":"https:\/\/etn.com.mx\/blog\/wp-json\/wp\/v2\/categories?post=6161"},{"taxonomy":"post_tag","embeddable":true,"href":"https:\/\/etn.com.mx\/blog\/wp-json\/wp\/v2\/tags?post=6161"}],"curies":[{"name":"wp","href":"https:\/\/api.w.org\/{rel}","templated":true}]}}