{"id":536,"date":"2015-07-02T20:34:56","date_gmt":"2015-07-03T01:34:56","guid":{"rendered":"http:\/\/etn.com.mx\/blog\/?p=536"},"modified":"2017-04-20T14:19:27","modified_gmt":"2017-04-20T19:19:27","slug":"etn-turistar-te-invitan-a-la-expo-feria-michoacan-2015","status":"publish","type":"post","link":"https:\/\/etn.com.mx\/blog\/etn-turistar-te-invitan-a-la-expo-feria-michoacan-2015\/","title":{"rendered":"ETN Turistar te invitan a la Expo Feria Michoac\u00e1n 2015"},"content":{"rendered":"<h2 style=\"text-align: center;\">Expo Feria Michoac\u00e1n 2015<\/h2>\n<p><strong><a href=\"http:\/\/etn.com.mx\/\" target=\"_blank\" rel=\"noopener noreferrer\"><img fetchpriority=\"high\" decoding=\"async\" class=\"aligncenter wp-image-537\" src=\"http:\/\/etn.com.mx\/blog\/wp-content\/uploads\/2015\/07\/COFEEEM_blog.jpg\" alt=\"EXPO FERIA MICHOACAN\" width=\"321\" height=\"517\" \/><\/a><\/strong><\/p>\n<h6><\/h6>\n<h6 style=\"text-align: center;\"><span style=\"color: #008080;\"><strong>Gran variedad y novedades\u00a0gratuitas en la EXPO FERIA MICHOAC\u00c1N 2015.<\/strong><\/span><\/h6>\n<h6 style=\"text-align: center;\">Evento 100% familiar<\/h6>\n<h6 style=\"text-align: center;\">Este a\u00f1o la Feria mantendr\u00e1 su costo de acceso a 10 pesos, adem\u00e1s de ofrecer m\u00faltiples espect\u00e1culos gratuitos para todos los michoacanos y turistas.<\/h6>\n<h6 style=\"text-align: justify;\">ETN Turistar les ofrece distintas formas de comprar sus boletos:<\/h6>\n<h6 style=\"text-align: justify;\">Directamente en taquillas, puntos de venta, llamando a nuestro contact center al 01 800 8000 386 opci\u00f3n 1, tiendas oxxo o en la p\u00e1gina web www.etn.com.mx<\/h6>\n<p><a href=\"http:\/\/etn.com.mx\/destinos-10-10.html\" target=\"_blank\" rel=\"noopener noreferrer\"><img decoding=\"async\" class=\"aligncenter size-full wp-image-159\" src=\"http:\/\/etn.com.mx\/blog\/wp-content\/uploads\/2015\/01\/ETN-4-b_banner_pagcentral.jpg\" alt=\"ETN-4-b_banner_pagcentral\" width=\"715\" height=\"264\" srcset=\"https:\/\/etn.com.mx\/blog\/wp-content\/uploads\/2015\/01\/ETN-4-b_banner_pagcentral.jpg 715w, https:\/\/etn.com.mx\/blog\/wp-content\/uploads\/2015\/01\/ETN-4-b_banner_pagcentral-300x111.jpg 300w, https:\/\/etn.com.mx\/blog\/wp-content\/uploads\/2015\/01\/ETN-4-b_banner_pagcentral-100x37.jpg 100w, https:\/\/etn.com.mx\/blog\/wp-content\/uploads\/2015\/01\/ETN-4-b_banner_pagcentral-150x55.jpg 150w, https:\/\/etn.com.mx\/blog\/wp-content\/uploads\/2015\/01\/ETN-4-b_banner_pagcentral-200x74.jpg 200w, https:\/\/etn.com.mx\/blog\/wp-content\/uploads\/2015\/01\/ETN-4-b_banner_pagcentral-450x166.jpg 450w, https:\/\/etn.com.mx\/blog\/wp-content\/uploads\/2015\/01\/ETN-4-b_banner_pagcentral-600x222.jpg 600w\" sizes=\"(max-width: 715px) 100vw, 715px\" \/><\/a><\/p>\n<h6 style=\"text-align: justify;\">La entrada general al Recinto Ferial incluir\u00e1:<\/h6>\n<h6 style=\"text-align: justify;\">Los espect\u00e1culos del Teatro del Pueblo.<\/h6>\n<h6 style=\"text-align: justify;\">El show del ilusionista Ednovi.<\/h6>\n<h6 style=\"text-align: justify;\">El Tianguis de la Ciencia<\/h6>\n<h6 style=\"text-align: justify;\">El Zool\u00f3gico para los peques.<\/h6>\n<h6 style=\"text-align: justify;\">La Granjita.<\/h6>\n<h6 style=\"text-align: justify;\">Y Ciudad Vial.<\/h6>\n<p>&nbsp;<\/p>\n<h6 style=\"text-align: justify;\">La novedad este a\u00f1o, es la Mega King Tower, la torre m\u00e1s alta de Latinoam\u00e9rica con una altura de 80 metros, la cual tendr\u00e1 un costo de entrada extra.<\/h6>\n<h6 style=\"text-align: justify;\">Los amantes del suspenso podr\u00e1n visitar el \u201cSanatorium\u201d, hospital del terror.<\/h6>\n<h6 style=\"text-align: justify;\">Mientras que quienes gustan de la aventura podr\u00e1n poner a prueba su destreza con la atracci\u00f3n de \u201cLa Isla\u201d.<\/h6>\n<p>&nbsp;<\/p>\n<h6 style=\"text-align: justify;\">Y para los peque\u00f1os del hogar se abrir\u00e1 el \u201cPabell\u00f3n LEGO\u201d, donde llevar\u00e1n su imaginaci\u00f3n al l\u00edmite.<\/h6>\n<h6 style=\"text-align: justify;\">En el Teatro del Pueblo estar\u00e1n presentes sin costo para el p\u00fablico 17 artistas, entre los que destacan:<\/h6>\n<ul>\n<li>\n<h6>Jueves 2 de Julio: Motel y Paty Cant\u00fa<\/h6>\n<\/li>\n<li>\n<h6>Viernes 3 de Julio: Los \u00c1ngeles Azules<\/h6>\n<\/li>\n<li>\n<h6>S\u00e1bado 4 de Julio: R\u00edo Roma<\/h6>\n<\/li>\n<li>\n<h6>Domingo 5 de Julio: Yuri<\/h6>\n<\/li>\n<\/ul>\n<h6><strong>\u00a0<\/strong>Mientras que en el Centro de Espect\u00e1culos se presentar\u00e1:<\/h6>\n<h6>Viernes 3 de Julio: Alejandra Guzm\u00e1n<\/h6>\n<h6>ETN Turistar lo invitan a disfrutar de esta Expo Feria<\/h6>\n","protected":false},"excerpt":{"rendered":"<p>Expo Feria Michoac\u00e1n 2015 Gran variedad y novedades\u00a0gratuitas en la EXPO FERIA MICHOAC\u00c1N 2015. Evento 100% familiar Este a\u00f1o la Feria mantendr\u00e1 su costo de acceso a 10 pesos, adem\u00e1s de ofrecer m\u00faltiples espect\u00e1culos gratuitos para todos los michoacanos y turistas. ETN Turistar les ofrece distintas formas de comprar sus boletos: Directamente en taquillas, puntos de venta, llamando a nuestro contact center al 01 800 8000 386 opci\u00f3n 1, tiendas oxxo o en la p\u00e1gina web www.etn.com.mx La entrada general al Recinto Ferial incluir\u00e1: Los espect\u00e1culos del Teatro del Pueblo. El show del ilusionista Ednovi. El Tianguis de la Ciencia El Zool\u00f3gico para los peques. La Granjita. Y Ciudad Vial. &nbsp; La novedad este a\u00f1o, es la Mega King Tower, la torre m\u00e1s alta de Latinoam\u00e9rica con una altura de 80 metros, la cual tendr\u00e1 un costo de entrada extra. Los amantes del suspenso podr\u00e1n visitar el \u201cSanatorium\u201d, hospital del terror. Mientras que quienes gustan de la aventura podr\u00e1n poner a prueba su destreza con la atracci\u00f3n de \u201cLa Isla\u201d. &nbsp; Y para los peque\u00f1os del hogar se abrir\u00e1 el \u201cPabell\u00f3n LEGO\u201d, donde llevar\u00e1n su imaginaci\u00f3n al l\u00edmite. En el Teatro del Pueblo estar\u00e1n presentes sin costo para el p\u00fablico 17 artistas, entre los que destacan: Jueves 2 de Julio: Motel y Paty Cant\u00fa Viernes 3 de Julio: Los \u00c1ngeles Azules S\u00e1bado 4 de Julio: R\u00edo Roma Domingo 5 de Julio: Yuri \u00a0Mientras que en el Centro de Espect\u00e1culos se presentar\u00e1: Viernes 3 de Julio: Alejandra Guzm\u00e1n ETN Turistar lo invitan a disfrutar de esta Expo Feria<\/p>\n","protected":false},"author":1,"featured_media":543,"comment_status":"open","ping_status":"closed","sticky":false,"template":"","format":"standard","meta":{"neve_meta_sidebar":"","neve_meta_container":"","neve_meta_enable_content_width":"","neve_meta_content_width":0,"neve_meta_title_alignment":"","neve_meta_author_avatar":"","neve_post_elements_order":"","neve_meta_disable_header":"","neve_meta_disable_footer":"","neve_meta_disable_title":"","footnotes":""},"categories":[8,3,46,5],"tags":[47,812,811,813,529,814,815],"class_list":["post-536","post","type-post","status-publish","format-standard","has-post-thumbnail","hentry","category-compra-de-boletos-de-autobus","category-destinos","category-etn-turistar","category-promociones-y-descuentos","tag-etn-turistar","tag-expo-feria-michoacan","tag-feria-michoacan","tag-michoacanos","tag-morelia-michoacan","tag-recinto-ferial","tag-teatro-del-pueblo"],"yoast_head":"<!-- This site is optimized with the Yoast SEO plugin v27.3 - https:\/\/yoast.com\/product\/yoast-seo-wordpress\/ -->\n<title>ETN Turistar te invitan a la Expo Feria Michoac\u00e1n 2015 - Blog ETN Turistar<\/title>\n<meta name=\"description\" content=\"ETN Turistar te invitan a la Expo Feria Michoac\u00e1n 2015 Blog ETN Turistar\" \/>\n<meta name=\"robots\" content=\"index, follow, max-snippet:-1, max-image-preview:large, max-video-preview:-1\" \/>\n<link rel=\"canonical\" href=\"https:\/\/etn.com.mx\/blog\/etn-turistar-te-invitan-a-la-expo-feria-michoacan-2015\/\" \/>\n<meta property=\"og:locale\" content=\"es_ES\" \/>\n<meta property=\"og:type\" content=\"article\" \/>\n<meta property=\"og:title\" content=\"ETN Turistar te invitan a la Expo Feria Michoac\u00e1n 2015 - Blog ETN Turistar\" \/>\n<meta property=\"og:description\" content=\"ETN Turistar te invitan a la Expo Feria Michoac\u00e1n 2015 Blog ETN Turistar\" \/>\n<meta property=\"og:url\" content=\"https:\/\/etn.com.mx\/blog\/etn-turistar-te-invitan-a-la-expo-feria-michoacan-2015\/\" \/>\n<meta property=\"og:site_name\" content=\"Blog ETN Turistar\" \/>\n<meta property=\"article:publisher\" content=\"https:\/\/www.facebook.com\/etnturistar\/\" \/>\n<meta property=\"article:published_time\" content=\"2015-07-03T01:34:56+00:00\" \/>\n<meta property=\"article:modified_time\" content=\"2017-04-20T19:19:27+00:00\" \/>\n<meta property=\"og:image\" content=\"https:\/\/etn.com.mx\/blog\/wp-content\/uploads\/2015\/07\/COFEEEM_blog2.jpg\" \/>\n\t<meta property=\"og:image:width\" content=\"550\" \/>\n\t<meta property=\"og:image:height\" content=\"291\" \/>\n\t<meta property=\"og:image:type\" content=\"image\/jpeg\" \/>\n<meta name=\"author\" content=\"ETN Turistar\" \/>\n<meta name=\"twitter:card\" content=\"summary_large_image\" \/>\n<meta name=\"twitter:creator\" content=\"@ETNTURISTAR\" \/>\n<meta name=\"twitter:site\" content=\"@ETNTURISTAR\" \/>\n<meta name=\"twitter:label1\" content=\"Escrito por\" \/>\n\t<meta name=\"twitter:data1\" content=\"ETN Turistar\" \/>\n\t<meta name=\"twitter:label2\" content=\"Tiempo de lectura\" \/>\n\t<meta name=\"twitter:data2\" content=\"1 minuto\" \/>\n<script type=\"application\/ld+json\" class=\"yoast-schema-graph\">{\"@context\":\"https:\\\/\\\/schema.org\",\"@graph\":[{\"@type\":\"Article\",\"@id\":\"https:\\\/\\\/etn.com.mx\\\/blog\\\/etn-turistar-te-invitan-a-la-expo-feria-michoacan-2015\\\/#article\",\"isPartOf\":{\"@id\":\"https:\\\/\\\/etn.com.mx\\\/blog\\\/etn-turistar-te-invitan-a-la-expo-feria-michoacan-2015\\\/\"},\"author\":{\"name\":\"ETN Turistar\",\"@id\":\"https:\\\/\\\/etn.com.mx\\\/blog\\\/#\\\/schema\\\/person\\\/2dd4ef2d2ed40cf1379ed17eefc34c46\"},\"headline\":\"ETN Turistar te invitan a la Expo Feria Michoac\u00e1n 2015\",\"datePublished\":\"2015-07-03T01:34:56+00:00\",\"dateModified\":\"2017-04-20T19:19:27+00:00\",\"mainEntityOfPage\":{\"@id\":\"https:\\\/\\\/etn.com.mx\\\/blog\\\/etn-turistar-te-invitan-a-la-expo-feria-michoacan-2015\\\/\"},\"wordCount\":282,\"commentCount\":0,\"publisher\":{\"@id\":\"https:\\\/\\\/etn.com.mx\\\/blog\\\/#organization\"},\"image\":{\"@id\":\"https:\\\/\\\/etn.com.mx\\\/blog\\\/etn-turistar-te-invitan-a-la-expo-feria-michoacan-2015\\\/#primaryimage\"},\"thumbnailUrl\":\"https:\\\/\\\/etn.com.mx\\\/blog\\\/wp-content\\\/uploads\\\/2015\\\/07\\\/COFEEEM_blog2.jpg\",\"keywords\":[\"Etn Turistar\",\"EXPO FERIA MICHOAC\u00c1N\",\"Feria Michoac\u00e1n\",\"michoacanos\",\"morelia michoacan\",\"Recinto Ferial\",\"Teatro del Pueblo\"],\"articleSection\":[\"Compra de Boletos\",\"Destinos\",\"ETN Turistar\",\"Promociones y Descuentos\"],\"inLanguage\":\"es\",\"potentialAction\":[{\"@type\":\"CommentAction\",\"name\":\"Comment\",\"target\":[\"https:\\\/\\\/etn.com.mx\\\/blog\\\/etn-turistar-te-invitan-a-la-expo-feria-michoacan-2015\\\/#respond\"]}]},{\"@type\":\"WebPage\",\"@id\":\"https:\\\/\\\/etn.com.mx\\\/blog\\\/etn-turistar-te-invitan-a-la-expo-feria-michoacan-2015\\\/\",\"url\":\"https:\\\/\\\/etn.com.mx\\\/blog\\\/etn-turistar-te-invitan-a-la-expo-feria-michoacan-2015\\\/\",\"name\":\"ETN Turistar te invitan a la Expo Feria Michoac\u00e1n 2015 - Blog ETN Turistar\",\"isPartOf\":{\"@id\":\"https:\\\/\\\/etn.com.mx\\\/blog\\\/#website\"},\"primaryImageOfPage\":{\"@id\":\"https:\\\/\\\/etn.com.mx\\\/blog\\\/etn-turistar-te-invitan-a-la-expo-feria-michoacan-2015\\\/#primaryimage\"},\"image\":{\"@id\":\"https:\\\/\\\/etn.com.mx\\\/blog\\\/etn-turistar-te-invitan-a-la-expo-feria-michoacan-2015\\\/#primaryimage\"},\"thumbnailUrl\":\"https:\\\/\\\/etn.com.mx\\\/blog\\\/wp-content\\\/uploads\\\/2015\\\/07\\\/COFEEEM_blog2.jpg\",\"datePublished\":\"2015-07-03T01:34:56+00:00\",\"dateModified\":\"2017-04-20T19:19:27+00:00\",\"description\":\"ETN Turistar te invitan a la Expo Feria Michoac\u00e1n 2015 Blog ETN Turistar\",\"breadcrumb\":{\"@id\":\"https:\\\/\\\/etn.com.mx\\\/blog\\\/etn-turistar-te-invitan-a-la-expo-feria-michoacan-2015\\\/#breadcrumb\"},\"inLanguage\":\"es\",\"potentialAction\":[{\"@type\":\"ReadAction\",\"target\":[\"https:\\\/\\\/etn.com.mx\\\/blog\\\/etn-turistar-te-invitan-a-la-expo-feria-michoacan-2015\\\/\"]}]},{\"@type\":\"ImageObject\",\"inLanguage\":\"es\",\"@id\":\"https:\\\/\\\/etn.com.mx\\\/blog\\\/etn-turistar-te-invitan-a-la-expo-feria-michoacan-2015\\\/#primaryimage\",\"url\":\"https:\\\/\\\/etn.com.mx\\\/blog\\\/wp-content\\\/uploads\\\/2015\\\/07\\\/COFEEEM_blog2.jpg\",\"contentUrl\":\"https:\\\/\\\/etn.com.mx\\\/blog\\\/wp-content\\\/uploads\\\/2015\\\/07\\\/COFEEEM_blog2.jpg\",\"width\":550,\"height\":291},{\"@type\":\"BreadcrumbList\",\"@id\":\"https:\\\/\\\/etn.com.mx\\\/blog\\\/etn-turistar-te-invitan-a-la-expo-feria-michoacan-2015\\\/#breadcrumb\",\"itemListElement\":[{\"@type\":\"ListItem\",\"position\":1,\"name\":\"Inicio Blog\",\"item\":\"https:\\\/\\\/etn.com.mx\\\/blog\\\/\"},{\"@type\":\"ListItem\",\"position\":2,\"name\":\"Compra de Boletos\",\"item\":\"https:\\\/\\\/etn.com.mx\\\/blog\\\/category\\\/compra-de-boletos-de-autobus\\\/\"},{\"@type\":\"ListItem\",\"position\":3,\"name\":\"ETN Turistar te invitan a la Expo Feria Michoac\u00e1n 2015\"}]},{\"@type\":\"WebSite\",\"@id\":\"https:\\\/\\\/etn.com.mx\\\/blog\\\/#website\",\"url\":\"https:\\\/\\\/etn.com.mx\\\/blog\\\/\",\"name\":\"Blog ETN\",\"description\":\"Blog ETN L\u00ednea de Autobuses de lujo con destinos a M\u00e9xico, Guadalajara, Morelia, Le\u00f3n, Quer\u00e9taro, San Luis Potos\u00ed, Monterrey, Acapulco y 24 estados de la rep\u00fablica.\",\"publisher\":{\"@id\":\"https:\\\/\\\/etn.com.mx\\\/blog\\\/#organization\"},\"alternateName\":\"Autobuses ETN Turistar\",\"potentialAction\":[{\"@type\":\"SearchAction\",\"target\":{\"@type\":\"EntryPoint\",\"urlTemplate\":\"https:\\\/\\\/etn.com.mx\\\/blog\\\/?s={search_term_string}\"},\"query-input\":{\"@type\":\"PropertyValueSpecification\",\"valueRequired\":true,\"valueName\":\"search_term_string\"}}],\"inLanguage\":\"es\"},{\"@type\":\"Organization\",\"@id\":\"https:\\\/\\\/etn.com.mx\\\/blog\\\/#organization\",\"name\":\"ETN Turistar Lujo\",\"alternateName\":\"Boletos de autobus ETN\",\"url\":\"https:\\\/\\\/etn.com.mx\\\/blog\\\/\",\"logo\":{\"@type\":\"ImageObject\",\"inLanguage\":\"es\",\"@id\":\"https:\\\/\\\/etn.com.mx\\\/blog\\\/#\\\/schema\\\/logo\\\/image\\\/\",\"url\":\"https:\\\/\\\/etn.com.mx\\\/blog\\\/wp-content\\\/uploads\\\/2023\\\/07\\\/logo-etnturistar.png\",\"contentUrl\":\"https:\\\/\\\/etn.com.mx\\\/blog\\\/wp-content\\\/uploads\\\/2023\\\/07\\\/logo-etnturistar.png\",\"width\":495,\"height\":52,\"caption\":\"ETN Turistar Lujo\"},\"image\":{\"@id\":\"https:\\\/\\\/etn.com.mx\\\/blog\\\/#\\\/schema\\\/logo\\\/image\\\/\"},\"sameAs\":[\"https:\\\/\\\/www.facebook.com\\\/etnturistar\\\/\",\"https:\\\/\\\/x.com\\\/ETNTURISTAR\"]},{\"@type\":\"Person\",\"@id\":\"https:\\\/\\\/etn.com.mx\\\/blog\\\/#\\\/schema\\\/person\\\/2dd4ef2d2ed40cf1379ed17eefc34c46\",\"name\":\"ETN Turistar\",\"image\":{\"@type\":\"ImageObject\",\"inLanguage\":\"es\",\"@id\":\"https:\\\/\\\/secure.gravatar.com\\\/avatar\\\/d28cf80567344d817834c5fde3f70d38bd14ccbb70ee9d2980029e2d6c5bb051?s=96&d=mm&r=g\",\"url\":\"https:\\\/\\\/secure.gravatar.com\\\/avatar\\\/d28cf80567344d817834c5fde3f70d38bd14ccbb70ee9d2980029e2d6c5bb051?s=96&d=mm&r=g\",\"contentUrl\":\"https:\\\/\\\/secure.gravatar.com\\\/avatar\\\/d28cf80567344d817834c5fde3f70d38bd14ccbb70ee9d2980029e2d6c5bb051?s=96&d=mm&r=g\",\"caption\":\"ETN Turistar\"},\"url\":\"https:\\\/\\\/etn.com.mx\\\/blog\\\/author\\\/webmaster\\\/\"}]}<\/script>\n<!-- \/ Yoast SEO plugin. -->","yoast_head_json":{"title":"ETN Turistar te invitan a la Expo Feria Michoac\u00e1n 2015 - Blog ETN Turistar","description":"ETN Turistar te invitan a la Expo Feria Michoac\u00e1n 2015 Blog ETN Turistar","robots":{"index":"index","follow":"follow","max-snippet":"max-snippet:-1","max-image-preview":"max-image-preview:large","max-video-preview":"max-video-preview:-1"},"canonical":"https:\/\/etn.com.mx\/blog\/etn-turistar-te-invitan-a-la-expo-feria-michoacan-2015\/","og_locale":"es_ES","og_type":"article","og_title":"ETN Turistar te invitan a la Expo Feria Michoac\u00e1n 2015 - Blog ETN Turistar","og_description":"ETN Turistar te invitan a la Expo Feria Michoac\u00e1n 2015 Blog ETN Turistar","og_url":"https:\/\/etn.com.mx\/blog\/etn-turistar-te-invitan-a-la-expo-feria-michoacan-2015\/","og_site_name":"Blog ETN Turistar","article_publisher":"https:\/\/www.facebook.com\/etnturistar\/","article_published_time":"2015-07-03T01:34:56+00:00","article_modified_time":"2017-04-20T19:19:27+00:00","og_image":[{"width":550,"height":291,"url":"https:\/\/etn.com.mx\/blog\/wp-content\/uploads\/2015\/07\/COFEEEM_blog2.jpg","type":"image\/jpeg"}],"author":"ETN Turistar","twitter_card":"summary_large_image","twitter_creator":"@ETNTURISTAR","twitter_site":"@ETNTURISTAR","twitter_misc":{"Escrito por":"ETN Turistar","Tiempo de lectura":"1 minuto"},"schema":{"@context":"https:\/\/schema.org","@graph":[{"@type":"Article","@id":"https:\/\/etn.com.mx\/blog\/etn-turistar-te-invitan-a-la-expo-feria-michoacan-2015\/#article","isPartOf":{"@id":"https:\/\/etn.com.mx\/blog\/etn-turistar-te-invitan-a-la-expo-feria-michoacan-2015\/"},"author":{"name":"ETN Turistar","@id":"https:\/\/etn.com.mx\/blog\/#\/schema\/person\/2dd4ef2d2ed40cf1379ed17eefc34c46"},"headline":"ETN Turistar te invitan a la Expo Feria Michoac\u00e1n 2015","datePublished":"2015-07-03T01:34:56+00:00","dateModified":"2017-04-20T19:19:27+00:00","mainEntityOfPage":{"@id":"https:\/\/etn.com.mx\/blog\/etn-turistar-te-invitan-a-la-expo-feria-michoacan-2015\/"},"wordCount":282,"commentCount":0,"publisher":{"@id":"https:\/\/etn.com.mx\/blog\/#organization"},"image":{"@id":"https:\/\/etn.com.mx\/blog\/etn-turistar-te-invitan-a-la-expo-feria-michoacan-2015\/#primaryimage"},"thumbnailUrl":"https:\/\/etn.com.mx\/blog\/wp-content\/uploads\/2015\/07\/COFEEEM_blog2.jpg","keywords":["Etn Turistar","EXPO FERIA MICHOAC\u00c1N","Feria Michoac\u00e1n","michoacanos","morelia michoacan","Recinto Ferial","Teatro del Pueblo"],"articleSection":["Compra de Boletos","Destinos","ETN Turistar","Promociones y Descuentos"],"inLanguage":"es","potentialAction":[{"@type":"CommentAction","name":"Comment","target":["https:\/\/etn.com.mx\/blog\/etn-turistar-te-invitan-a-la-expo-feria-michoacan-2015\/#respond"]}]},{"@type":"WebPage","@id":"https:\/\/etn.com.mx\/blog\/etn-turistar-te-invitan-a-la-expo-feria-michoacan-2015\/","url":"https:\/\/etn.com.mx\/blog\/etn-turistar-te-invitan-a-la-expo-feria-michoacan-2015\/","name":"ETN Turistar te invitan a la Expo Feria Michoac\u00e1n 2015 - Blog ETN Turistar","isPartOf":{"@id":"https:\/\/etn.com.mx\/blog\/#website"},"primaryImageOfPage":{"@id":"https:\/\/etn.com.mx\/blog\/etn-turistar-te-invitan-a-la-expo-feria-michoacan-2015\/#primaryimage"},"image":{"@id":"https:\/\/etn.com.mx\/blog\/etn-turistar-te-invitan-a-la-expo-feria-michoacan-2015\/#primaryimage"},"thumbnailUrl":"https:\/\/etn.com.mx\/blog\/wp-content\/uploads\/2015\/07\/COFEEEM_blog2.jpg","datePublished":"2015-07-03T01:34:56+00:00","dateModified":"2017-04-20T19:19:27+00:00","description":"ETN Turistar te invitan a la Expo Feria Michoac\u00e1n 2015 Blog ETN Turistar","breadcrumb":{"@id":"https:\/\/etn.com.mx\/blog\/etn-turistar-te-invitan-a-la-expo-feria-michoacan-2015\/#breadcrumb"},"inLanguage":"es","potentialAction":[{"@type":"ReadAction","target":["https:\/\/etn.com.mx\/blog\/etn-turistar-te-invitan-a-la-expo-feria-michoacan-2015\/"]}]},{"@type":"ImageObject","inLanguage":"es","@id":"https:\/\/etn.com.mx\/blog\/etn-turistar-te-invitan-a-la-expo-feria-michoacan-2015\/#primaryimage","url":"https:\/\/etn.com.mx\/blog\/wp-content\/uploads\/2015\/07\/COFEEEM_blog2.jpg","contentUrl":"https:\/\/etn.com.mx\/blog\/wp-content\/uploads\/2015\/07\/COFEEEM_blog2.jpg","width":550,"height":291},{"@type":"BreadcrumbList","@id":"https:\/\/etn.com.mx\/blog\/etn-turistar-te-invitan-a-la-expo-feria-michoacan-2015\/#breadcrumb","itemListElement":[{"@type":"ListItem","position":1,"name":"Inicio Blog","item":"https:\/\/etn.com.mx\/blog\/"},{"@type":"ListItem","position":2,"name":"Compra de Boletos","item":"https:\/\/etn.com.mx\/blog\/category\/compra-de-boletos-de-autobus\/"},{"@type":"ListItem","position":3,"name":"ETN Turistar te invitan a la Expo Feria Michoac\u00e1n 2015"}]},{"@type":"WebSite","@id":"https:\/\/etn.com.mx\/blog\/#website","url":"https:\/\/etn.com.mx\/blog\/","name":"Blog ETN","description":"Blog ETN L\u00ednea de Autobuses de lujo con destinos a M\u00e9xico, Guadalajara, Morelia, Le\u00f3n, Quer\u00e9taro, San Luis Potos\u00ed, Monterrey, Acapulco y 24 estados de la rep\u00fablica.","publisher":{"@id":"https:\/\/etn.com.mx\/blog\/#organization"},"alternateName":"Autobuses ETN Turistar","potentialAction":[{"@type":"SearchAction","target":{"@type":"EntryPoint","urlTemplate":"https:\/\/etn.com.mx\/blog\/?s={search_term_string}"},"query-input":{"@type":"PropertyValueSpecification","valueRequired":true,"valueName":"search_term_string"}}],"inLanguage":"es"},{"@type":"Organization","@id":"https:\/\/etn.com.mx\/blog\/#organization","name":"ETN Turistar Lujo","alternateName":"Boletos de autobus ETN","url":"https:\/\/etn.com.mx\/blog\/","logo":{"@type":"ImageObject","inLanguage":"es","@id":"https:\/\/etn.com.mx\/blog\/#\/schema\/logo\/image\/","url":"https:\/\/etn.com.mx\/blog\/wp-content\/uploads\/2023\/07\/logo-etnturistar.png","contentUrl":"https:\/\/etn.com.mx\/blog\/wp-content\/uploads\/2023\/07\/logo-etnturistar.png","width":495,"height":52,"caption":"ETN Turistar Lujo"},"image":{"@id":"https:\/\/etn.com.mx\/blog\/#\/schema\/logo\/image\/"},"sameAs":["https:\/\/www.facebook.com\/etnturistar\/","https:\/\/x.com\/ETNTURISTAR"]},{"@type":"Person","@id":"https:\/\/etn.com.mx\/blog\/#\/schema\/person\/2dd4ef2d2ed40cf1379ed17eefc34c46","name":"ETN Turistar","image":{"@type":"ImageObject","inLanguage":"es","@id":"https:\/\/secure.gravatar.com\/avatar\/d28cf80567344d817834c5fde3f70d38bd14ccbb70ee9d2980029e2d6c5bb051?s=96&d=mm&r=g","url":"https:\/\/secure.gravatar.com\/avatar\/d28cf80567344d817834c5fde3f70d38bd14ccbb70ee9d2980029e2d6c5bb051?s=96&d=mm&r=g","contentUrl":"https:\/\/secure.gravatar.com\/avatar\/d28cf80567344d817834c5fde3f70d38bd14ccbb70ee9d2980029e2d6c5bb051?s=96&d=mm&r=g","caption":"ETN Turistar"},"url":"https:\/\/etn.com.mx\/blog\/author\/webmaster\/"}]}},"_links":{"self":[{"href":"https:\/\/etn.com.mx\/blog\/wp-json\/wp\/v2\/posts\/536","targetHints":{"allow":["GET"]}}],"collection":[{"href":"https:\/\/etn.com.mx\/blog\/wp-json\/wp\/v2\/posts"}],"about":[{"href":"https:\/\/etn.com.mx\/blog\/wp-json\/wp\/v2\/types\/post"}],"author":[{"embeddable":true,"href":"https:\/\/etn.com.mx\/blog\/wp-json\/wp\/v2\/users\/1"}],"replies":[{"embeddable":true,"href":"https:\/\/etn.com.mx\/blog\/wp-json\/wp\/v2\/comments?post=536"}],"version-history":[{"count":9,"href":"https:\/\/etn.com.mx\/blog\/wp-json\/wp\/v2\/posts\/536\/revisions"}],"predecessor-version":[{"id":2344,"href":"https:\/\/etn.com.mx\/blog\/wp-json\/wp\/v2\/posts\/536\/revisions\/2344"}],"wp:featuredmedia":[{"embeddable":true,"href":"https:\/\/etn.com.mx\/blog\/wp-json\/wp\/v2\/media\/543"}],"wp:attachment":[{"href":"https:\/\/etn.com.mx\/blog\/wp-json\/wp\/v2\/media?parent=536"}],"wp:term":[{"taxonomy":"category","embeddable":true,"href":"https:\/\/etn.com.mx\/blog\/wp-json\/wp\/v2\/categories?post=536"},{"taxonomy":"post_tag","embeddable":true,"href":"https:\/\/etn.com.mx\/blog\/wp-json\/wp\/v2\/tags?post=536"}],"curies":[{"name":"wp","href":"https:\/\/api.w.org\/{rel}","templated":true}]}}