{"id":5097,"date":"2025-04-25T19:05:00","date_gmt":"2025-04-26T01:05:00","guid":{"rendered":"https:\/\/etn.com.mx\/blog\/?p=5097"},"modified":"2025-06-04T12:19:16","modified_gmt":"2025-06-04T18:19:16","slug":"dia-mundial-del-disenador-grafico-2025","status":"publish","type":"post","link":"https:\/\/etn.com.mx\/blog\/dia-mundial-del-disenador-grafico-2025\/","title":{"rendered":"D\u00eda Mundial del Dise\u00f1ador Gr\u00e1fico 2025"},"content":{"rendered":"<div class=\"wp-block-image\">\n<figure class=\"aligncenter size-large is-resized\"><img fetchpriority=\"high\" decoding=\"async\" width=\"1024\" height=\"578\" src=\"https:\/\/etn.com.mx\/blog\/wp-content\/uploads\/2025\/04\/dia-mundial-del-disenador-grafico-2025-1-1024x578.webp\" alt=\"dia-mundial-del-disenador-grafico-2025\" class=\"wp-image-5099\" style=\"width:479px;height:auto\" srcset=\"https:\/\/etn.com.mx\/blog\/wp-content\/uploads\/2025\/04\/dia-mundial-del-disenador-grafico-2025-1-1024x578.webp 1024w, https:\/\/etn.com.mx\/blog\/wp-content\/uploads\/2025\/04\/dia-mundial-del-disenador-grafico-2025-1-300x169.webp 300w, https:\/\/etn.com.mx\/blog\/wp-content\/uploads\/2025\/04\/dia-mundial-del-disenador-grafico-2025-1-768x434.webp 768w, https:\/\/etn.com.mx\/blog\/wp-content\/uploads\/2025\/04\/dia-mundial-del-disenador-grafico-2025-1.webp 1360w\" sizes=\"(max-width: 1024px) 100vw, 1024px\" \/><\/figure>\n<\/div>\n\n\n<p class=\"has-medium-font-size\">El\u00a0<strong>27 de abril de este a\u00f1o,<\/strong> la comunidad creativa global se unir\u00e1 una vez m\u00e1s para celebrar el\u00a0<strong>D\u00eda Mundial del Dise\u00f1ador Gr\u00e1fico<\/strong> <strong>2025<\/strong>, una fecha dedicada a reconocer el impacto fundamental de esta disciplina en la comunicaci\u00f3n, la cultura y el comercio. En un mundo cada vez m\u00e1s visual, donde el dise\u00f1o influye en c\u00f3mo percibimos marcas, informaci\u00f3n e incluso movimientos sociales, este d\u00eda no solo honra el talento de los profesionales del sector, sino que tambi\u00e9n reflexiona sobre las tendencias, desaf\u00edos y avances que definir\u00e1n el futuro del dise\u00f1o.<\/p>\n\n\n\n<h3 class=\"wp-block-heading\">Origen y Evoluci\u00f3n<\/h3>\n\n\n\n<p class=\"has-medium-font-size\">El D\u00eda Mundial del Dise\u00f1o Gr\u00e1fico comenz\u00f3 en\u00a0<strong>1991<\/strong>\u00a0y adquiri\u00f3 una dimensi\u00f3n global en\u00a0<strong>1995<\/strong>. Originalmente centrado en el dise\u00f1o gr\u00e1fico, este d\u00eda ha evolucionado para abarcar una gama m\u00e1s amplia de disciplinas de dise\u00f1o, reflejado en su cambio de nombre en\u00a0<strong>2012<\/strong>\u00a0a\u00a0<strong>D\u00eda Mundial del Dise\u00f1o de la Comunicaci\u00f3n<\/strong>. Este cambio simboliza la creciente comprensi\u00f3n de que el dise\u00f1o es m\u00e1s que solo apariencia; es una herramienta esencial para la comunicaci\u00f3n y la expresi\u00f3n en nuestro mundo interconectado.<\/p>\n\n\n\n<h3 class=\"wp-block-heading\">Importancia del Dise\u00f1o Gr\u00e1fico<\/h3>\n\n\n\n<p class=\"has-medium-font-size\">El dise\u00f1o gr\u00e1fico toca cada aspecto de nuestras vidas, desde los objetos que usamos diariamente hasta la forma en que interactuamos con el mundo digital. Este d\u00eda no solo celebra la est\u00e9tica y la creatividad, sino tambi\u00e9n el impacto del dise\u00f1o en la comunicaci\u00f3n, la cultura y la sociedad en su conjunto. El dise\u00f1o gr\u00e1fico puede ser una fuerza poderosa para el cambio social y la mejora del mundo.<\/p>\n\n\n\n<h3 class=\"wp-block-heading\">Tendencias Actuales en el Dise\u00f1o Gr\u00e1fico<\/h3>\n\n\n\n<p class=\"has-medium-font-size\">Algunas de las tendencias actuales en el dise\u00f1o gr\u00e1fico incluyen:<\/p>\n\n\n\n<ul class=\"wp-block-list\">\n<li class=\"has-medium-font-size\"><strong>Minimalismo<\/strong>: Menos, es m\u00e1s, con dise\u00f1os limpios y simples.<\/li>\n\n\n\n<li class=\"has-medium-font-size\"><strong>Tipograf\u00eda audaz<\/strong>: Uso de fuentes grandes y llamativas.<\/li>\n\n\n\n<li class=\"has-medium-font-size\"><strong>Colores vibrantes<\/strong>: Paletas de colores brillantes y atrevidas.<\/li>\n\n\n\n<li class=\"has-medium-font-size\"><strong>Dise\u00f1o sostenible<\/strong>: Enfoque en pr\u00e1cticas ecol\u00f3gicas y materiales reciclables.<\/li>\n<\/ul>\n\n\n\n<h3 class=\"wp-block-heading\">C\u00f3mo Celebrar el D\u00eda Mundial del Dise\u00f1o Gr\u00e1fico<\/h3>\n\n\n\n<p class=\"has-medium-font-size\">Aqu\u00ed tienes algunas ideas para celebrar este d\u00eda:<\/p>\n\n\n\n<ul class=\"wp-block-list\">\n<li class=\"has-medium-font-size\"><strong>Organizar talleres y seminarios<\/strong>: Invitar a dise\u00f1adores locales para compartir sus conocimientos y experiencias.<\/li>\n\n\n\n<li class=\"has-medium-font-size\"><strong>Exposiciones de dise\u00f1o<\/strong>: Mostrar trabajos de dise\u00f1adores gr\u00e1ficos en galer\u00edas o espacios p\u00fablicos.<\/li>\n\n\n\n<li class=\"has-medium-font-size\"><strong>Concursos de dise\u00f1o<\/strong>: Fomentar la creatividad y la innovaci\u00f3n mediante competencias.<\/li>\n\n\n\n<li class=\"has-medium-font-size\"><strong>Charlas y conferencias<\/strong>: Discutir el impacto del dise\u00f1o gr\u00e1fico en la sociedad y su futuro.<\/li>\n<\/ul>\n\n\n\n<h2 class=\"wp-block-heading\"><strong>\u00bfPor qu\u00e9 el 2025 ser\u00e1 un a\u00f1o clave para el dise\u00f1o gr\u00e1fico?<\/strong><\/h2>\n\n\n\n<p class=\"has-medium-font-size\">El&nbsp;<strong>2025<\/strong>&nbsp;llega cargado de innovaciones tecnol\u00f3gicas, nuevas corrientes est\u00e9ticas y una mayor conciencia sobre el papel del dise\u00f1o en la sociedad. Con el auge de la&nbsp;<strong>inteligencia artificial generativa<\/strong>, la expansi\u00f3n del&nbsp;<strong>metaverso<\/strong>&nbsp;y la demanda de experiencias digitales m\u00e1s inmersivas, los dise\u00f1adores gr\u00e1ficos enfrentan un panorama emocionante y desafiante. Este a\u00f1o, la celebraci\u00f3n girar\u00e1 en torno a temas como:<\/p>\n\n\n\n<ul class=\"wp-block-list has-medium-font-size\">\n<li>El equilibrio entre creatividad humana y herramientas de IA<\/li>\n\n\n\n<li>El dise\u00f1o sostenible y su impacto ambiental<\/li>\n\n\n\n<li>La evoluci\u00f3n del branding en la era digital<\/li>\n\n\n\n<li>La accesibilidad y la inclusi\u00f3n en la comunicaci\u00f3n visual<\/li>\n<\/ul>\n\n\n\n<p class=\"has-medium-font-size\">Desde estudios independientes hasta grandes agencias, el&nbsp;<strong>D\u00eda Mundial del Dise\u00f1ador Gr\u00e1fico 2025<\/strong>&nbsp;ser\u00e1 una oportunidad para compartir conocimientos, inspirar a las nuevas generaciones y reafirmar la importancia de un oficio que, m\u00e1s que nunca, moldea la forma en que interactuamos con el mundo.<\/p>\n\n\n\n<p class=\"has-medium-font-size\">Para m\u00e1s informaci\u00f3n entra al sitio web: <a href=\"https:\/\/diainternacional.org\/del-diseno\/\">https:\/\/diainternacional.org\/del-diseno\/<\/a><\/p>\n\n\n\n<p class=\"has-medium-font-size\">Viaja c\u00f3modamente con<strong> ETN Turistar<\/strong> a destinos como\u00a0<strong>Aguascalientes, Ciudad de M\u00e9xico, Guadalajara, Le\u00f3n, Mazatl\u00e1n, Puebla, Quer\u00e9taro<\/strong>, entre otros.\u00a0As\u00ed mismo, explora su\u00a0<strong>cultura, tradici\u00f3n<\/strong>\u00a0e\u00a0<strong>impresionantes atractivos tur\u00edsticos<\/strong> con los que cuenta cada una de estas hermosas ciudades.<\/p>\n\n\n\n<p class=\"has-medium-font-size\">Viajar con <strong>ETN Turistar<\/strong> a nuestros emblem\u00e1ticos destinos, es una experiencia segura, c\u00f3moda y confortable. Sin lugar a dudas es el arte de viajar en autob\u00fas.<\/p>\n\n\n\n<p class=\"has-medium-font-size\">Los autobuses de&nbsp;<strong>ETN<\/strong>&nbsp;se destacan por ser los m\u00e1s c\u00f3modos, por lo que hacen de tu viaje una experiencia completamente satisfactoria. Adem\u00e1s, cuenta con los siguientes servicios a bordo:<\/p>\n\n\n\n<ul class=\"wp-block-list\">\n<li class=\"has-medium-font-size\">Asientos reclinables<\/li>\n\n\n\n<li class=\"has-medium-font-size\">Pantallas individuales<\/li>\n\n\n\n<li class=\"has-medium-font-size\">Sanitarios de damas y caballeros.<\/li>\n\n\n\n<li class=\"has-medium-font-size\">Conexiones el\u00e9ctricas.<\/li>\n\n\n\n<li class=\"has-medium-font-size\">Aire acondicionado personalizado.<\/li>\n<\/ul>\n\n\n\n<p class=\"has-medium-font-size\">Las terminales\u00a0<strong>ETN<\/strong>\u00a0cuentan con salas de espera\u00a0VIP, disponibles en m\u00e1s de 15 ubicaciones en todo el pa\u00eds. Para m\u00e1s informaci\u00f3n sobre nuestros servicios y destinos, puedes visitar nuestro sitio web\u00a0<a href=\"https:\/\/www.etn.com.mx\">https:\/\/www.etn.com.mx<\/a>\u00a0o llamar al Tel.:\u00a0800 8000 386.<\/p>\n\n\n\n<p><\/p>\n","protected":false},"excerpt":{"rendered":"<p>El\u00a027 de abril de este a\u00f1o, la comunidad creativa global se unir\u00e1 una vez m\u00e1s para celebrar el\u00a0D\u00eda Mundial del Dise\u00f1ador Gr\u00e1fico 2025, una fecha dedicada a reconocer el impacto fundamental de esta disciplina en la comunicaci\u00f3n, la cultura y el comercio. En un mundo cada vez m\u00e1s visual, donde el dise\u00f1o influye en c\u00f3mo percibimos marcas, informaci\u00f3n e incluso movimientos sociales, este d\u00eda no solo honra el talento de los profesionales del sector, sino que tambi\u00e9n reflexiona sobre las tendencias, desaf\u00edos y avances que definir\u00e1n el futuro del dise\u00f1o. Origen y Evoluci\u00f3n El D\u00eda Mundial del Dise\u00f1o Gr\u00e1fico comenz\u00f3 en\u00a01991\u00a0y adquiri\u00f3 una dimensi\u00f3n global en\u00a01995. Originalmente centrado en el dise\u00f1o gr\u00e1fico, este d\u00eda ha evolucionado para abarcar una gama m\u00e1s amplia de disciplinas de dise\u00f1o, reflejado en su cambio de nombre en\u00a02012\u00a0a\u00a0D\u00eda Mundial del Dise\u00f1o de la Comunicaci\u00f3n. Este cambio simboliza la creciente comprensi\u00f3n de que el dise\u00f1o es m\u00e1s que solo apariencia; es una herramienta esencial para la comunicaci\u00f3n y la expresi\u00f3n en nuestro mundo interconectado. Importancia del Dise\u00f1o Gr\u00e1fico El dise\u00f1o gr\u00e1fico toca cada aspecto de nuestras vidas, desde los objetos que usamos diariamente hasta la forma en que interactuamos con el mundo digital. Este d\u00eda no solo celebra la est\u00e9tica y la creatividad, sino tambi\u00e9n el impacto del dise\u00f1o en la comunicaci\u00f3n, la cultura y la sociedad en su conjunto. El dise\u00f1o gr\u00e1fico puede ser una fuerza poderosa para el cambio social y la mejora del mundo. Tendencias Actuales en el Dise\u00f1o Gr\u00e1fico Algunas de las tendencias actuales en el dise\u00f1o gr\u00e1fico incluyen: C\u00f3mo Celebrar el D\u00eda Mundial del Dise\u00f1o Gr\u00e1fico Aqu\u00ed tienes algunas ideas para celebrar este d\u00eda: \u00bfPor qu\u00e9 el 2025 ser\u00e1 un a\u00f1o clave para el dise\u00f1o gr\u00e1fico? El&nbsp;2025&nbsp;llega cargado de innovaciones tecnol\u00f3gicas, nuevas corrientes est\u00e9ticas y una mayor conciencia sobre el papel del dise\u00f1o en la sociedad. Con el auge de la&nbsp;inteligencia artificial generativa, la expansi\u00f3n del&nbsp;metaverso&nbsp;y la demanda de experiencias digitales m\u00e1s inmersivas, los dise\u00f1adores gr\u00e1ficos enfrentan un panorama emocionante y desafiante. Este a\u00f1o, la celebraci\u00f3n girar\u00e1 en torno a temas como: Desde estudios independientes hasta grandes agencias, el&nbsp;D\u00eda Mundial del Dise\u00f1ador Gr\u00e1fico 2025&nbsp;ser\u00e1 una oportunidad para compartir conocimientos, inspirar a las nuevas generaciones y reafirmar la importancia de un oficio que, m\u00e1s que nunca, moldea la forma en que interactuamos con el mundo. Para m\u00e1s informaci\u00f3n entra al sitio web: https:\/\/diainternacional.org\/del-diseno\/ Viaja c\u00f3modamente con ETN Turistar a destinos como\u00a0Aguascalientes, Ciudad de M\u00e9xico, Guadalajara, Le\u00f3n, Mazatl\u00e1n, Puebla, Quer\u00e9taro, entre otros.\u00a0As\u00ed mismo, explora su\u00a0cultura, tradici\u00f3n\u00a0e\u00a0impresionantes atractivos tur\u00edsticos con los que cuenta cada una de estas hermosas ciudades. Viajar con ETN Turistar a nuestros emblem\u00e1ticos destinos, es una experiencia segura, c\u00f3moda y confortable. Sin lugar a dudas es el arte de viajar en autob\u00fas. Los autobuses de&nbsp;ETN&nbsp;se destacan por ser los m\u00e1s c\u00f3modos, por lo que hacen de tu viaje una experiencia completamente satisfactoria. Adem\u00e1s, cuenta con los siguientes servicios a bordo: Las terminales\u00a0ETN\u00a0cuentan con salas de espera\u00a0VIP, disponibles en m\u00e1s de 15 ubicaciones en todo el pa\u00eds. Para m\u00e1s informaci\u00f3n sobre nuestros servicios y destinos, puedes visitar nuestro sitio web\u00a0https:\/\/www.etn.com.mx\u00a0o llamar al Tel.:\u00a0800 8000 386.<\/p>\n","protected":false},"author":15,"featured_media":5100,"comment_status":"open","ping_status":"closed","sticky":false,"template":"","format":"standard","meta":{"neve_meta_sidebar":"","neve_meta_container":"","neve_meta_enable_content_width":"","neve_meta_content_width":0,"neve_meta_title_alignment":"","neve_meta_author_avatar":"","neve_post_elements_order":"","neve_meta_disable_header":"","neve_meta_disable_footer":"","neve_meta_disable_title":"","footnotes":""},"categories":[1365],"tags":[],"class_list":["post-5097","post","type-post","status-publish","format-standard","has-post-thumbnail","hentry","category-cultura"],"yoast_head":"<!-- This site is optimized with the Yoast SEO plugin v27.3 - https:\/\/yoast.com\/product\/yoast-seo-wordpress\/ -->\n<title>D\u00eda Mundial del Dise\u00f1ador Gr\u00e1fico 2025 | ETN Turistar<\/title>\n<meta name=\"description\" content=\"Celebra el D\u00eda Mundial del Dise\u00f1ador Gr\u00e1fico 2025 con las \u00faltimas tendencias: dise\u00f1o sostenible, IA y m\u00e1s. \u00a1Conoce eventos, concursos y tips para destacar tu creatividad!\" \/>\n<meta name=\"robots\" content=\"index, follow, max-snippet:-1, max-image-preview:large, max-video-preview:-1\" \/>\n<link rel=\"canonical\" href=\"https:\/\/etn.com.mx\/blog\/dia-mundial-del-disenador-grafico-2025\/\" \/>\n<meta property=\"og:locale\" content=\"es_ES\" \/>\n<meta property=\"og:type\" content=\"article\" \/>\n<meta property=\"og:title\" content=\"D\u00eda Mundial del Dise\u00f1ador Gr\u00e1fico 2025 | ETN Turistar\" \/>\n<meta property=\"og:description\" content=\"Celebra el D\u00eda Mundial del Dise\u00f1ador Gr\u00e1fico 2025 con las \u00faltimas tendencias: dise\u00f1o sostenible, IA y m\u00e1s. \u00a1Conoce eventos, concursos y tips para destacar tu creatividad!\" \/>\n<meta property=\"og:url\" content=\"https:\/\/etn.com.mx\/blog\/dia-mundial-del-disenador-grafico-2025\/\" \/>\n<meta property=\"og:site_name\" content=\"Blog ETN Turistar\" \/>\n<meta property=\"article:publisher\" content=\"https:\/\/www.facebook.com\/etnturistar\/\" \/>\n<meta property=\"article:author\" content=\"https:\/\/www.facebook.com\/etnturistar\" \/>\n<meta property=\"article:published_time\" content=\"2025-04-26T01:05:00+00:00\" \/>\n<meta property=\"article:modified_time\" content=\"2025-06-04T18:19:16+00:00\" \/>\n<meta property=\"og:image\" content=\"https:\/\/etn.com.mx\/blog\/wp-content\/uploads\/2025\/04\/dia-mundial-del-disenador-grafico.webp\" \/>\n\t<meta property=\"og:image:width\" content=\"1360\" \/>\n\t<meta property=\"og:image:height\" content=\"768\" \/>\n\t<meta property=\"og:image:type\" content=\"image\/webp\" \/>\n<meta name=\"author\" content=\"ETN Turistar Boletos de autob\u00fas\" \/>\n<meta name=\"twitter:card\" content=\"summary_large_image\" \/>\n<meta name=\"twitter:creator\" content=\"@ETNTURISTAR\" \/>\n<meta name=\"twitter:site\" content=\"@ETNTURISTAR\" \/>\n<meta name=\"twitter:label1\" content=\"Escrito por\" \/>\n\t<meta name=\"twitter:data1\" content=\"ETN Turistar Boletos de autob\u00fas\" \/>\n\t<meta name=\"twitter:label2\" content=\"Tiempo de lectura\" \/>\n\t<meta name=\"twitter:data2\" content=\"4 minutos\" \/>\n<script type=\"application\/ld+json\" class=\"yoast-schema-graph\">{\"@context\":\"https:\\\/\\\/schema.org\",\"@graph\":[{\"@type\":\"Article\",\"@id\":\"https:\\\/\\\/etn.com.mx\\\/blog\\\/dia-mundial-del-disenador-grafico-2025\\\/#article\",\"isPartOf\":{\"@id\":\"https:\\\/\\\/etn.com.mx\\\/blog\\\/dia-mundial-del-disenador-grafico-2025\\\/\"},\"author\":{\"name\":\"ETN Turistar Boletos de autob\u00fas\",\"@id\":\"https:\\\/\\\/etn.com.mx\\\/blog\\\/#\\\/schema\\\/person\\\/fffbc5e1d1ec1f41e0d89bfd4ecf6a82\"},\"headline\":\"D\u00eda Mundial del Dise\u00f1ador Gr\u00e1fico 2025\",\"datePublished\":\"2025-04-26T01:05:00+00:00\",\"dateModified\":\"2025-06-04T18:19:16+00:00\",\"mainEntityOfPage\":{\"@id\":\"https:\\\/\\\/etn.com.mx\\\/blog\\\/dia-mundial-del-disenador-grafico-2025\\\/\"},\"wordCount\":796,\"commentCount\":0,\"publisher\":{\"@id\":\"https:\\\/\\\/etn.com.mx\\\/blog\\\/#organization\"},\"image\":{\"@id\":\"https:\\\/\\\/etn.com.mx\\\/blog\\\/dia-mundial-del-disenador-grafico-2025\\\/#primaryimage\"},\"thumbnailUrl\":\"https:\\\/\\\/etn.com.mx\\\/blog\\\/wp-content\\\/uploads\\\/2025\\\/04\\\/dia-mundial-del-disenador-grafico.webp\",\"articleSection\":[\"Cultura\"],\"inLanguage\":\"es\",\"potentialAction\":[{\"@type\":\"CommentAction\",\"name\":\"Comment\",\"target\":[\"https:\\\/\\\/etn.com.mx\\\/blog\\\/dia-mundial-del-disenador-grafico-2025\\\/#respond\"]}]},{\"@type\":\"WebPage\",\"@id\":\"https:\\\/\\\/etn.com.mx\\\/blog\\\/dia-mundial-del-disenador-grafico-2025\\\/\",\"url\":\"https:\\\/\\\/etn.com.mx\\\/blog\\\/dia-mundial-del-disenador-grafico-2025\\\/\",\"name\":\"D\u00eda Mundial del Dise\u00f1ador Gr\u00e1fico 2025 | ETN Turistar\",\"isPartOf\":{\"@id\":\"https:\\\/\\\/etn.com.mx\\\/blog\\\/#website\"},\"primaryImageOfPage\":{\"@id\":\"https:\\\/\\\/etn.com.mx\\\/blog\\\/dia-mundial-del-disenador-grafico-2025\\\/#primaryimage\"},\"image\":{\"@id\":\"https:\\\/\\\/etn.com.mx\\\/blog\\\/dia-mundial-del-disenador-grafico-2025\\\/#primaryimage\"},\"thumbnailUrl\":\"https:\\\/\\\/etn.com.mx\\\/blog\\\/wp-content\\\/uploads\\\/2025\\\/04\\\/dia-mundial-del-disenador-grafico.webp\",\"datePublished\":\"2025-04-26T01:05:00+00:00\",\"dateModified\":\"2025-06-04T18:19:16+00:00\",\"description\":\"Celebra el D\u00eda Mundial del Dise\u00f1ador Gr\u00e1fico 2025 con las \u00faltimas tendencias: dise\u00f1o sostenible, IA y m\u00e1s. \u00a1Conoce eventos, concursos y tips para destacar tu creatividad!\",\"breadcrumb\":{\"@id\":\"https:\\\/\\\/etn.com.mx\\\/blog\\\/dia-mundial-del-disenador-grafico-2025\\\/#breadcrumb\"},\"inLanguage\":\"es\",\"potentialAction\":[{\"@type\":\"ReadAction\",\"target\":[\"https:\\\/\\\/etn.com.mx\\\/blog\\\/dia-mundial-del-disenador-grafico-2025\\\/\"]}]},{\"@type\":\"ImageObject\",\"inLanguage\":\"es\",\"@id\":\"https:\\\/\\\/etn.com.mx\\\/blog\\\/dia-mundial-del-disenador-grafico-2025\\\/#primaryimage\",\"url\":\"https:\\\/\\\/etn.com.mx\\\/blog\\\/wp-content\\\/uploads\\\/2025\\\/04\\\/dia-mundial-del-disenador-grafico.webp\",\"contentUrl\":\"https:\\\/\\\/etn.com.mx\\\/blog\\\/wp-content\\\/uploads\\\/2025\\\/04\\\/dia-mundial-del-disenador-grafico.webp\",\"width\":1360,\"height\":768,\"caption\":\"dia-mundial-del-disenador-grafico\"},{\"@type\":\"BreadcrumbList\",\"@id\":\"https:\\\/\\\/etn.com.mx\\\/blog\\\/dia-mundial-del-disenador-grafico-2025\\\/#breadcrumb\",\"itemListElement\":[{\"@type\":\"ListItem\",\"position\":1,\"name\":\"Inicio Blog\",\"item\":\"https:\\\/\\\/etn.com.mx\\\/blog\\\/\"},{\"@type\":\"ListItem\",\"position\":2,\"name\":\"Cultura\",\"item\":\"https:\\\/\\\/etn.com.mx\\\/blog\\\/category\\\/cultura\\\/\"},{\"@type\":\"ListItem\",\"position\":3,\"name\":\"D\u00eda Mundial del Dise\u00f1ador Gr\u00e1fico 2025\"}]},{\"@type\":\"WebSite\",\"@id\":\"https:\\\/\\\/etn.com.mx\\\/blog\\\/#website\",\"url\":\"https:\\\/\\\/etn.com.mx\\\/blog\\\/\",\"name\":\"Blog ETN\",\"description\":\"Blog ETN L\u00ednea de Autobuses de lujo con destinos a M\u00e9xico, Guadalajara, Morelia, Le\u00f3n, Quer\u00e9taro, San Luis Potos\u00ed, Monterrey, Acapulco y 24 estados de la rep\u00fablica.\",\"publisher\":{\"@id\":\"https:\\\/\\\/etn.com.mx\\\/blog\\\/#organization\"},\"alternateName\":\"Autobuses ETN Turistar\",\"potentialAction\":[{\"@type\":\"SearchAction\",\"target\":{\"@type\":\"EntryPoint\",\"urlTemplate\":\"https:\\\/\\\/etn.com.mx\\\/blog\\\/?s={search_term_string}\"},\"query-input\":{\"@type\":\"PropertyValueSpecification\",\"valueRequired\":true,\"valueName\":\"search_term_string\"}}],\"inLanguage\":\"es\"},{\"@type\":\"Organization\",\"@id\":\"https:\\\/\\\/etn.com.mx\\\/blog\\\/#organization\",\"name\":\"ETN Turistar Lujo\",\"alternateName\":\"Boletos de autobus ETN\",\"url\":\"https:\\\/\\\/etn.com.mx\\\/blog\\\/\",\"logo\":{\"@type\":\"ImageObject\",\"inLanguage\":\"es\",\"@id\":\"https:\\\/\\\/etn.com.mx\\\/blog\\\/#\\\/schema\\\/logo\\\/image\\\/\",\"url\":\"https:\\\/\\\/etn.com.mx\\\/blog\\\/wp-content\\\/uploads\\\/2023\\\/07\\\/logo-etnturistar.png\",\"contentUrl\":\"https:\\\/\\\/etn.com.mx\\\/blog\\\/wp-content\\\/uploads\\\/2023\\\/07\\\/logo-etnturistar.png\",\"width\":495,\"height\":52,\"caption\":\"ETN Turistar Lujo\"},\"image\":{\"@id\":\"https:\\\/\\\/etn.com.mx\\\/blog\\\/#\\\/schema\\\/logo\\\/image\\\/\"},\"sameAs\":[\"https:\\\/\\\/www.facebook.com\\\/etnturistar\\\/\",\"https:\\\/\\\/x.com\\\/ETNTURISTAR\"]},{\"@type\":\"Person\",\"@id\":\"https:\\\/\\\/etn.com.mx\\\/blog\\\/#\\\/schema\\\/person\\\/fffbc5e1d1ec1f41e0d89bfd4ecf6a82\",\"name\":\"ETN Turistar Boletos de autob\u00fas\",\"image\":{\"@type\":\"ImageObject\",\"inLanguage\":\"es\",\"@id\":\"https:\\\/\\\/secure.gravatar.com\\\/avatar\\\/377cbd78ae908164a584db6b641972aecb63e933e0c7a5b8999a91fe8815e82e?s=96&d=mm&r=g\",\"url\":\"https:\\\/\\\/secure.gravatar.com\\\/avatar\\\/377cbd78ae908164a584db6b641972aecb63e933e0c7a5b8999a91fe8815e82e?s=96&d=mm&r=g\",\"contentUrl\":\"https:\\\/\\\/secure.gravatar.com\\\/avatar\\\/377cbd78ae908164a584db6b641972aecb63e933e0c7a5b8999a91fe8815e82e?s=96&d=mm&r=g\",\"caption\":\"ETN Turistar Boletos de autob\u00fas\"},\"description\":\"Compra boletos de autob\u00fas con ETN y viaja a m\u00e1s de 60 destinos en M\u00e9xico. Disfruta los autobuses de lujo, seguridad y confort. \u00a1Reserva f\u00e1cil en l\u00ednea!\",\"sameAs\":[\"https:\\\/\\\/etn.com.mx\",\"https:\\\/\\\/www.facebook.com\\\/etnturistar\",\"https:\\\/\\\/www.instagram.com\\\/etn_turistar\",\"https:\\\/\\\/www.linkedin.com\\\/company\\\/etn-turistar-lujo\",\"https:\\\/\\\/www.youtube.com\\\/ETNTuristarLujo\"],\"url\":\"https:\\\/\\\/etn.com.mx\\\/blog\\\/author\\\/etnturistar\\\/\"}]}<\/script>\n<!-- \/ Yoast SEO plugin. -->","yoast_head_json":{"title":"D\u00eda Mundial del Dise\u00f1ador Gr\u00e1fico 2025 | ETN Turistar","description":"Celebra el D\u00eda Mundial del Dise\u00f1ador Gr\u00e1fico 2025 con las \u00faltimas tendencias: dise\u00f1o sostenible, IA y m\u00e1s. \u00a1Conoce eventos, concursos y tips para destacar tu creatividad!","robots":{"index":"index","follow":"follow","max-snippet":"max-snippet:-1","max-image-preview":"max-image-preview:large","max-video-preview":"max-video-preview:-1"},"canonical":"https:\/\/etn.com.mx\/blog\/dia-mundial-del-disenador-grafico-2025\/","og_locale":"es_ES","og_type":"article","og_title":"D\u00eda Mundial del Dise\u00f1ador Gr\u00e1fico 2025 | ETN Turistar","og_description":"Celebra el D\u00eda Mundial del Dise\u00f1ador Gr\u00e1fico 2025 con las \u00faltimas tendencias: dise\u00f1o sostenible, IA y m\u00e1s. \u00a1Conoce eventos, concursos y tips para destacar tu creatividad!","og_url":"https:\/\/etn.com.mx\/blog\/dia-mundial-del-disenador-grafico-2025\/","og_site_name":"Blog ETN Turistar","article_publisher":"https:\/\/www.facebook.com\/etnturistar\/","article_author":"https:\/\/www.facebook.com\/etnturistar","article_published_time":"2025-04-26T01:05:00+00:00","article_modified_time":"2025-06-04T18:19:16+00:00","og_image":[{"width":1360,"height":768,"url":"https:\/\/etn.com.mx\/blog\/wp-content\/uploads\/2025\/04\/dia-mundial-del-disenador-grafico.webp","type":"image\/webp"}],"author":"ETN Turistar Boletos de autob\u00fas","twitter_card":"summary_large_image","twitter_creator":"@ETNTURISTAR","twitter_site":"@ETNTURISTAR","twitter_misc":{"Escrito por":"ETN Turistar Boletos de autob\u00fas","Tiempo de lectura":"4 minutos"},"schema":{"@context":"https:\/\/schema.org","@graph":[{"@type":"Article","@id":"https:\/\/etn.com.mx\/blog\/dia-mundial-del-disenador-grafico-2025\/#article","isPartOf":{"@id":"https:\/\/etn.com.mx\/blog\/dia-mundial-del-disenador-grafico-2025\/"},"author":{"name":"ETN Turistar Boletos de autob\u00fas","@id":"https:\/\/etn.com.mx\/blog\/#\/schema\/person\/fffbc5e1d1ec1f41e0d89bfd4ecf6a82"},"headline":"D\u00eda Mundial del Dise\u00f1ador Gr\u00e1fico 2025","datePublished":"2025-04-26T01:05:00+00:00","dateModified":"2025-06-04T18:19:16+00:00","mainEntityOfPage":{"@id":"https:\/\/etn.com.mx\/blog\/dia-mundial-del-disenador-grafico-2025\/"},"wordCount":796,"commentCount":0,"publisher":{"@id":"https:\/\/etn.com.mx\/blog\/#organization"},"image":{"@id":"https:\/\/etn.com.mx\/blog\/dia-mundial-del-disenador-grafico-2025\/#primaryimage"},"thumbnailUrl":"https:\/\/etn.com.mx\/blog\/wp-content\/uploads\/2025\/04\/dia-mundial-del-disenador-grafico.webp","articleSection":["Cultura"],"inLanguage":"es","potentialAction":[{"@type":"CommentAction","name":"Comment","target":["https:\/\/etn.com.mx\/blog\/dia-mundial-del-disenador-grafico-2025\/#respond"]}]},{"@type":"WebPage","@id":"https:\/\/etn.com.mx\/blog\/dia-mundial-del-disenador-grafico-2025\/","url":"https:\/\/etn.com.mx\/blog\/dia-mundial-del-disenador-grafico-2025\/","name":"D\u00eda Mundial del Dise\u00f1ador Gr\u00e1fico 2025 | ETN Turistar","isPartOf":{"@id":"https:\/\/etn.com.mx\/blog\/#website"},"primaryImageOfPage":{"@id":"https:\/\/etn.com.mx\/blog\/dia-mundial-del-disenador-grafico-2025\/#primaryimage"},"image":{"@id":"https:\/\/etn.com.mx\/blog\/dia-mundial-del-disenador-grafico-2025\/#primaryimage"},"thumbnailUrl":"https:\/\/etn.com.mx\/blog\/wp-content\/uploads\/2025\/04\/dia-mundial-del-disenador-grafico.webp","datePublished":"2025-04-26T01:05:00+00:00","dateModified":"2025-06-04T18:19:16+00:00","description":"Celebra el D\u00eda Mundial del Dise\u00f1ador Gr\u00e1fico 2025 con las \u00faltimas tendencias: dise\u00f1o sostenible, IA y m\u00e1s. \u00a1Conoce eventos, concursos y tips para destacar tu creatividad!","breadcrumb":{"@id":"https:\/\/etn.com.mx\/blog\/dia-mundial-del-disenador-grafico-2025\/#breadcrumb"},"inLanguage":"es","potentialAction":[{"@type":"ReadAction","target":["https:\/\/etn.com.mx\/blog\/dia-mundial-del-disenador-grafico-2025\/"]}]},{"@type":"ImageObject","inLanguage":"es","@id":"https:\/\/etn.com.mx\/blog\/dia-mundial-del-disenador-grafico-2025\/#primaryimage","url":"https:\/\/etn.com.mx\/blog\/wp-content\/uploads\/2025\/04\/dia-mundial-del-disenador-grafico.webp","contentUrl":"https:\/\/etn.com.mx\/blog\/wp-content\/uploads\/2025\/04\/dia-mundial-del-disenador-grafico.webp","width":1360,"height":768,"caption":"dia-mundial-del-disenador-grafico"},{"@type":"BreadcrumbList","@id":"https:\/\/etn.com.mx\/blog\/dia-mundial-del-disenador-grafico-2025\/#breadcrumb","itemListElement":[{"@type":"ListItem","position":1,"name":"Inicio Blog","item":"https:\/\/etn.com.mx\/blog\/"},{"@type":"ListItem","position":2,"name":"Cultura","item":"https:\/\/etn.com.mx\/blog\/category\/cultura\/"},{"@type":"ListItem","position":3,"name":"D\u00eda Mundial del Dise\u00f1ador Gr\u00e1fico 2025"}]},{"@type":"WebSite","@id":"https:\/\/etn.com.mx\/blog\/#website","url":"https:\/\/etn.com.mx\/blog\/","name":"Blog ETN","description":"Blog ETN L\u00ednea de Autobuses de lujo con destinos a M\u00e9xico, Guadalajara, Morelia, Le\u00f3n, Quer\u00e9taro, San Luis Potos\u00ed, Monterrey, Acapulco y 24 estados de la rep\u00fablica.","publisher":{"@id":"https:\/\/etn.com.mx\/blog\/#organization"},"alternateName":"Autobuses ETN Turistar","potentialAction":[{"@type":"SearchAction","target":{"@type":"EntryPoint","urlTemplate":"https:\/\/etn.com.mx\/blog\/?s={search_term_string}"},"query-input":{"@type":"PropertyValueSpecification","valueRequired":true,"valueName":"search_term_string"}}],"inLanguage":"es"},{"@type":"Organization","@id":"https:\/\/etn.com.mx\/blog\/#organization","name":"ETN Turistar Lujo","alternateName":"Boletos de autobus ETN","url":"https:\/\/etn.com.mx\/blog\/","logo":{"@type":"ImageObject","inLanguage":"es","@id":"https:\/\/etn.com.mx\/blog\/#\/schema\/logo\/image\/","url":"https:\/\/etn.com.mx\/blog\/wp-content\/uploads\/2023\/07\/logo-etnturistar.png","contentUrl":"https:\/\/etn.com.mx\/blog\/wp-content\/uploads\/2023\/07\/logo-etnturistar.png","width":495,"height":52,"caption":"ETN Turistar Lujo"},"image":{"@id":"https:\/\/etn.com.mx\/blog\/#\/schema\/logo\/image\/"},"sameAs":["https:\/\/www.facebook.com\/etnturistar\/","https:\/\/x.com\/ETNTURISTAR"]},{"@type":"Person","@id":"https:\/\/etn.com.mx\/blog\/#\/schema\/person\/fffbc5e1d1ec1f41e0d89bfd4ecf6a82","name":"ETN Turistar Boletos de autob\u00fas","image":{"@type":"ImageObject","inLanguage":"es","@id":"https:\/\/secure.gravatar.com\/avatar\/377cbd78ae908164a584db6b641972aecb63e933e0c7a5b8999a91fe8815e82e?s=96&d=mm&r=g","url":"https:\/\/secure.gravatar.com\/avatar\/377cbd78ae908164a584db6b641972aecb63e933e0c7a5b8999a91fe8815e82e?s=96&d=mm&r=g","contentUrl":"https:\/\/secure.gravatar.com\/avatar\/377cbd78ae908164a584db6b641972aecb63e933e0c7a5b8999a91fe8815e82e?s=96&d=mm&r=g","caption":"ETN Turistar Boletos de autob\u00fas"},"description":"Compra boletos de autob\u00fas con ETN y viaja a m\u00e1s de 60 destinos en M\u00e9xico. Disfruta los autobuses de lujo, seguridad y confort. \u00a1Reserva f\u00e1cil en l\u00ednea!","sameAs":["https:\/\/etn.com.mx","https:\/\/www.facebook.com\/etnturistar","https:\/\/www.instagram.com\/etn_turistar","https:\/\/www.linkedin.com\/company\/etn-turistar-lujo","https:\/\/www.youtube.com\/ETNTuristarLujo"],"url":"https:\/\/etn.com.mx\/blog\/author\/etnturistar\/"}]}},"_links":{"self":[{"href":"https:\/\/etn.com.mx\/blog\/wp-json\/wp\/v2\/posts\/5097","targetHints":{"allow":["GET"]}}],"collection":[{"href":"https:\/\/etn.com.mx\/blog\/wp-json\/wp\/v2\/posts"}],"about":[{"href":"https:\/\/etn.com.mx\/blog\/wp-json\/wp\/v2\/types\/post"}],"author":[{"embeddable":true,"href":"https:\/\/etn.com.mx\/blog\/wp-json\/wp\/v2\/users\/15"}],"replies":[{"embeddable":true,"href":"https:\/\/etn.com.mx\/blog\/wp-json\/wp\/v2\/comments?post=5097"}],"version-history":[{"count":1,"href":"https:\/\/etn.com.mx\/blog\/wp-json\/wp\/v2\/posts\/5097\/revisions"}],"predecessor-version":[{"id":5101,"href":"https:\/\/etn.com.mx\/blog\/wp-json\/wp\/v2\/posts\/5097\/revisions\/5101"}],"wp:featuredmedia":[{"embeddable":true,"href":"https:\/\/etn.com.mx\/blog\/wp-json\/wp\/v2\/media\/5100"}],"wp:attachment":[{"href":"https:\/\/etn.com.mx\/blog\/wp-json\/wp\/v2\/media?parent=5097"}],"wp:term":[{"taxonomy":"category","embeddable":true,"href":"https:\/\/etn.com.mx\/blog\/wp-json\/wp\/v2\/categories?post=5097"},{"taxonomy":"post_tag","embeddable":true,"href":"https:\/\/etn.com.mx\/blog\/wp-json\/wp\/v2\/tags?post=5097"}],"curies":[{"name":"wp","href":"https:\/\/api.w.org\/{rel}","templated":true}]}}