{"id":4936,"date":"2025-04-02T10:25:00","date_gmt":"2025-04-02T16:25:00","guid":{"rendered":"https:\/\/etn.com.mx\/blog\/?p=4936"},"modified":"2025-03-26T18:31:53","modified_gmt":"2025-03-27T00:31:53","slug":"dia-internacional-de-la-conciencia-2025","status":"publish","type":"post","link":"https:\/\/etn.com.mx\/blog\/dia-internacional-de-la-conciencia-2025\/","title":{"rendered":"D\u00eda Internacional de la Conciencia 2025"},"content":{"rendered":"<div class=\"wp-block-image\">\n<figure class=\"aligncenter size-full is-resized\"><img fetchpriority=\"high\" decoding=\"async\" width=\"1024\" height=\"1024\" src=\"https:\/\/etn.com.mx\/blog\/wp-content\/uploads\/2025\/03\/Dia-Internacional-de-la-Conciencia.webp\" alt=\"Dia Internacional de la Conciencia\" class=\"wp-image-4938\" style=\"width:478px;height:auto\" srcset=\"https:\/\/etn.com.mx\/blog\/wp-content\/uploads\/2025\/03\/Dia-Internacional-de-la-Conciencia.webp 1024w, https:\/\/etn.com.mx\/blog\/wp-content\/uploads\/2025\/03\/Dia-Internacional-de-la-Conciencia-300x300.webp 300w, https:\/\/etn.com.mx\/blog\/wp-content\/uploads\/2025\/03\/Dia-Internacional-de-la-Conciencia-150x150.webp 150w, https:\/\/etn.com.mx\/blog\/wp-content\/uploads\/2025\/03\/Dia-Internacional-de-la-Conciencia-768x768.webp 768w\" sizes=\"(max-width: 1024px) 100vw, 1024px\" \/><\/figure>\n<\/div>\n\n\n<p class=\"has-medium-font-size\">El&nbsp;<strong>D\u00eda Internacional de la Conciencia 2025<\/strong>&nbsp;se celebra cada a\u00f1o el&nbsp;<strong>5 de abril<\/strong>. Esta fecha, establecida por la Asamblea General de las Naciones Unidas, tiene como objetivo promover una cultura de paz. Para lograrlo, se basa en valores fundamentales como la libertad, la justicia, la democracia, los derechos humanos, la tolerancia y la solidaridad. <\/p>\n\n\n\n<h3 class=\"wp-block-heading\">Or\u00edgenes y Objetivos<\/h3>\n\n\n\n<p class=\"has-medium-font-size\">El concepto de una&nbsp;<strong>cultura de paz<\/strong>&nbsp;surgi\u00f3 del Congreso Internacional sobre \u00abLa Paz en la Mente de los Hombres\u00bb, organizado por la UNESCO en&nbsp;<strong>1989<\/strong>. Desde entonces, se ha trabajado arduamente para crear condiciones de estabilidad y bienestar. Adem\u00e1s, se han fomentado relaciones pac\u00edficas y amistosas basadas en el respeto de los derechos humanos y las libertades fundamentales.<\/p>\n\n\n\n<h3 class=\"wp-block-heading\">Actividades y Participaci\u00f3n<\/h3>\n\n\n\n<p class=\"has-medium-font-size\">La celebraci\u00f3n de este d\u00eda busca movilizar los esfuerzos de la comunidad internacional para promover la paz, la tolerancia y la inclusi\u00f3n. Se invita a todos los Estados Miembros, organizaciones del sistema de la ONU, el sector privado y la sociedad civil a participar en actividades de concienciaci\u00f3n p\u00fablica y educaci\u00f3n de calidad. Estas actividades pueden incluir exposiciones fotogr\u00e1ficas, festivales de paz y convivencia pac\u00edfica, y otras iniciativas que promuevan el desarrollo sostenible.<\/p>\n\n\n\n<h3 class=\"wp-block-heading\">Actividades del D\u00eda Internacional de la Conciencia 2025<\/h3>\n\n\n\n<p class=\"has-medium-font-size\">El D\u00eda Internacional de la Conciencia se celebra con una variedad de actividades a nivel mundial que buscan promover el di\u00e1logo y la reflexi\u00f3n. Algunas de las actividades incluyen:<\/p>\n\n\n\n<ul class=\"wp-block-list\">\n<li class=\"has-medium-font-size\"><strong>Talleres sobre la paz y la empat\u00eda<\/strong>: Estos talleres est\u00e1n dise\u00f1ados para educar a las personas sobre la importancia de la paz y c\u00f3mo pueden contribuir a ella en sus comunidades.<\/li>\n\n\n\n<li class=\"has-medium-font-size\"><strong>Conferencias y charlas<\/strong>: L\u00edderes comunitarios y expertos en derechos humanos y paz ofrecen conferencias y charlas para discutir temas relevantes y compartir experiencias.<\/li>\n\n\n\n<li class=\"has-medium-font-size\"><strong>Exposiciones fotogr\u00e1ficas<\/strong>: Se organizan exposiciones que muestran im\u00e1genes relacionadas con la paz y la convivencia pac\u00edfica.<\/li>\n\n\n\n<li class=\"has-medium-font-size\"><strong>Festivales de paz y convivencia pac\u00edfica<\/strong>: Estos festivales incluyen actividades culturales y recreativas que promueven la paz y la solidaridad entre las personas.<\/li>\n\n\n\n<li class=\"has-medium-font-size\"><strong>Campa\u00f1as de concienciaci\u00f3n en redes sociales<\/strong>: Se utilizan las redes sociales para difundir mensajes de paz y conciencia, involucrando a un p\u00fablico m\u00e1s amplio.<\/li>\n<\/ul>\n\n\n\n<h3 class=\"wp-block-heading\">Importancia Actual<\/h3>\n\n\n\n<p>En un mundo donde los conflictos y la violencia siguen siendo desaf\u00edos importantes, el D\u00eda Internacional de la Conciencia sirve como un recordatorio de la importancia de la paz y la cooperaci\u00f3n internacional. Promover una cultura de paz es esencial para garantizar un futuro sostenible y armonioso para todas las personas, independientemente de su raza, sexo, idioma o religi\u00f3n.<\/p>\n\n\n\n<p class=\"has-medium-font-size\">La celebraci\u00f3n de este d\u00eda busca movilizar los esfuerzos de la comunidad internacional para promover la paz, la tolerancia y la inclusi\u00f3n. Se invita a todos los Estados Miembros, organizaciones del sistema de la ONU, el sector privado y la sociedad civil a participar en actividades de concienciaci\u00f3n p\u00fablica y educaci\u00f3n de calidad. Estas actividades pueden incluir exposiciones fotogr\u00e1ficas, festivales de paz y convivencia pac\u00edfica, y otras iniciativas que promuevan el desarrollo sostenible.<\/p>\n\n\n\n<h3 class=\"wp-block-heading\">Fomento en M\u00e9xico<\/h3>\n\n\n\n<p class=\"has-medium-font-size\">En M\u00e9xico, el D\u00eda Internacional de la Conciencia se celebra con diversas actividades organizadas por instituciones gubernamentales, organizaciones no gubernamentales y la sociedad civil. Algunas de las iniciativas incluyen:<\/p>\n\n\n\n<ul class=\"wp-block-list\">\n<li class=\"has-medium-font-size\"><strong>Programas educativos<\/strong>: Escuelas y universidades realizan programas educativos que ense\u00f1an a los estudiantes sobre la importancia de la paz y la conciencia.<\/li>\n\n\n\n<li class=\"has-medium-font-size\"><strong>Eventos culturales<\/strong>: Se organizan eventos culturales como conciertos, obras de teatro y exposiciones art\u00edsticas que promueven la paz y la inclusi\u00f3n.<\/li>\n\n\n\n<li class=\"has-medium-font-size\"><strong>Campa\u00f1as de sensibilizaci\u00f3n<\/strong>: Organizaciones de derechos humanos y otras entidades llevan a cabo campa\u00f1as de sensibilizaci\u00f3n para informar al p\u00fablico sobre la importancia de la conciencia y la paz.<\/li>\n\n\n\n<li class=\"has-medium-font-size\"><strong>Actividades comunitarias<\/strong>: Se realizan actividades comunitarias que fomentan la cooperaci\u00f3n y el di\u00e1logo entre los miembros de la comunidad.<\/li>\n<\/ul>\n\n\n\n<p class=\"has-medium-font-size\">Estas actividades ayudan a crear un ambiente de paz y solidaridad, promoviendo una cultura de paz en M\u00e9xico y en todo el mundo.<\/p>\n\n\n\n<p class=\"has-medium-font-size\">Para m\u00e1s informaci\u00f3n entra al sitio web: <a href=\"https:\/\/www.un.org\/es\/observances\/conscience-day\">https:\/\/www.un.org\/es\/observances\/conscience-day<\/a><\/p>\n\n\n\n<p class=\"has-medium-font-size\">Viaja c\u00f3modamente c<strong>on ETN Turistar<\/strong> a destinos como <strong>Aguascalientes, Ciudad de M\u00e9xico, Guadalajara, Le\u00f3n, Mazatl\u00e1n, Puebla, Quer\u00e9taro<\/strong>, entre otros. As\u00ed mismo, explora su <strong>cultura, tradici\u00f3n<\/strong> e <strong>impresionantes atractivos tur\u00edsticos<\/strong> con los que cuenta cada una de estas hermosas ciudades.<\/p>\n\n\n\n<p class=\"has-medium-font-size\">Viajar con <strong>ETN Turistar<\/strong> a nuestros emblem\u00e1ticos destinos, es una experiencia segura, c\u00f3moda y confortable. Sin lugar a dudas es el arte de viajar en autob\u00fas.<\/p>\n\n\n\n<p class=\"has-medium-font-size\">Los autobuses de <strong>ETN<\/strong> se destacan por ser los m\u00e1s c\u00f3modos, por lo que hacen de tu viaje una experiencia completamente satisfactoria. Adem\u00e1s, cuenta con los siguientes servicios a bordo:<\/p>\n\n\n\n<ul class=\"wp-block-list\">\n<li class=\"has-medium-font-size\">Asientos reclinables<\/li>\n\n\n\n<li class=\"has-medium-font-size\">Pantallas individuales<\/li>\n\n\n\n<li class=\"has-medium-font-size\">Sanitarios de damas y caballeros.<\/li>\n\n\n\n<li class=\"has-medium-font-size\">Conexiones el\u00e9ctricas.<\/li>\n\n\n\n<li class=\"has-medium-font-size\">Aire acondicionado personalizado.<\/li>\n<\/ul>\n\n\n\n<p class=\"has-medium-font-size\">Las terminales <strong>ETN<\/strong> cuentan con salas de espera VIP, disponibles en m\u00e1s de 15 ubicaciones en todo el pa\u00eds. Para m\u00e1s informaci\u00f3n sobre nuestros servicios y destinos, puedes visitar nuestro sitio web <a href=\"https:\/\/www.etn.com.mx\">https:\/\/www.etn.com.mx<\/a> o llamar al Tel.: 800 8000 386.<br><\/p>\n","protected":false},"excerpt":{"rendered":"<p>El&nbsp;D\u00eda Internacional de la Conciencia 2025&nbsp;se celebra cada a\u00f1o el&nbsp;5 de abril. Esta fecha, establecida por la Asamblea General de las Naciones Unidas, tiene como objetivo promover una cultura de paz. Para lograrlo, se basa en valores fundamentales como la libertad, la justicia, la democracia, los derechos humanos, la tolerancia y la solidaridad. Or\u00edgenes y Objetivos El concepto de una&nbsp;cultura de paz&nbsp;surgi\u00f3 del Congreso Internacional sobre \u00abLa Paz en la Mente de los Hombres\u00bb, organizado por la UNESCO en&nbsp;1989. Desde entonces, se ha trabajado arduamente para crear condiciones de estabilidad y bienestar. Adem\u00e1s, se han fomentado relaciones pac\u00edficas y amistosas basadas en el respeto de los derechos humanos y las libertades fundamentales. Actividades y Participaci\u00f3n La celebraci\u00f3n de este d\u00eda busca movilizar los esfuerzos de la comunidad internacional para promover la paz, la tolerancia y la inclusi\u00f3n. Se invita a todos los Estados Miembros, organizaciones del sistema de la ONU, el sector privado y la sociedad civil a participar en actividades de concienciaci\u00f3n p\u00fablica y educaci\u00f3n de calidad. Estas actividades pueden incluir exposiciones fotogr\u00e1ficas, festivales de paz y convivencia pac\u00edfica, y otras iniciativas que promuevan el desarrollo sostenible. Actividades del D\u00eda Internacional de la Conciencia 2025 El D\u00eda Internacional de la Conciencia se celebra con una variedad de actividades a nivel mundial que buscan promover el di\u00e1logo y la reflexi\u00f3n. Algunas de las actividades incluyen: Importancia Actual En un mundo donde los conflictos y la violencia siguen siendo desaf\u00edos importantes, el D\u00eda Internacional de la Conciencia sirve como un recordatorio de la importancia de la paz y la cooperaci\u00f3n internacional. Promover una cultura de paz es esencial para garantizar un futuro sostenible y armonioso para todas las personas, independientemente de su raza, sexo, idioma o religi\u00f3n. La celebraci\u00f3n de este d\u00eda busca movilizar los esfuerzos de la comunidad internacional para promover la paz, la tolerancia y la inclusi\u00f3n. Se invita a todos los Estados Miembros, organizaciones del sistema de la ONU, el sector privado y la sociedad civil a participar en actividades de concienciaci\u00f3n p\u00fablica y educaci\u00f3n de calidad. Estas actividades pueden incluir exposiciones fotogr\u00e1ficas, festivales de paz y convivencia pac\u00edfica, y otras iniciativas que promuevan el desarrollo sostenible. Fomento en M\u00e9xico En M\u00e9xico, el D\u00eda Internacional de la Conciencia se celebra con diversas actividades organizadas por instituciones gubernamentales, organizaciones no gubernamentales y la sociedad civil. Algunas de las iniciativas incluyen: Estas actividades ayudan a crear un ambiente de paz y solidaridad, promoviendo una cultura de paz en M\u00e9xico y en todo el mundo. Para m\u00e1s informaci\u00f3n entra al sitio web: https:\/\/www.un.org\/es\/observances\/conscience-day Viaja c\u00f3modamente con ETN Turistar a destinos como Aguascalientes, Ciudad de M\u00e9xico, Guadalajara, Le\u00f3n, Mazatl\u00e1n, Puebla, Quer\u00e9taro, entre otros. As\u00ed mismo, explora su cultura, tradici\u00f3n e impresionantes atractivos tur\u00edsticos con los que cuenta cada una de estas hermosas ciudades. Viajar con ETN Turistar a nuestros emblem\u00e1ticos destinos, es una experiencia segura, c\u00f3moda y confortable. Sin lugar a dudas es el arte de viajar en autob\u00fas. Los autobuses de ETN se destacan por ser los m\u00e1s c\u00f3modos, por lo que hacen de tu viaje una experiencia completamente satisfactoria. Adem\u00e1s, cuenta con los siguientes servicios a bordo: Las terminales ETN cuentan con salas de espera VIP, disponibles en m\u00e1s de 15 ubicaciones en todo el pa\u00eds. Para m\u00e1s informaci\u00f3n sobre nuestros servicios y destinos, puedes visitar nuestro sitio web https:\/\/www.etn.com.mx o llamar al Tel.: 800 8000 386.<\/p>\n","protected":false},"author":15,"featured_media":4939,"comment_status":"open","ping_status":"closed","sticky":false,"template":"","format":"standard","meta":{"neve_meta_sidebar":"","neve_meta_container":"","neve_meta_enable_content_width":"","neve_meta_content_width":0,"neve_meta_title_alignment":"","neve_meta_author_avatar":"","neve_post_elements_order":"","neve_meta_disable_header":"","neve_meta_disable_footer":"","neve_meta_disable_title":"","footnotes":""},"categories":[1365],"tags":[],"class_list":["post-4936","post","type-post","status-publish","format-standard","has-post-thumbnail","hentry","category-cultura"],"yoast_head":"<!-- This site is optimized with the Yoast SEO plugin v27.3 - https:\/\/yoast.com\/product\/yoast-seo-wordpress\/ -->\n<title>D\u00eda Internacional de la Conciencia 2025 | ETN Turistar<\/title>\n<meta name=\"description\" content=\"Conoce la historia y el impacto del D\u00eda Internacional de la Conciencia 2025, una iniciativa de la ONU para promover la paz y la tolerancia en todo el mundo.\" \/>\n<meta name=\"robots\" content=\"index, follow, max-snippet:-1, max-image-preview:large, max-video-preview:-1\" \/>\n<link rel=\"canonical\" href=\"https:\/\/etn.com.mx\/blog\/dia-internacional-de-la-conciencia-2025\/\" \/>\n<meta property=\"og:locale\" content=\"es_ES\" \/>\n<meta property=\"og:type\" content=\"article\" \/>\n<meta property=\"og:title\" content=\"D\u00eda Internacional de la Conciencia 2025 | ETN Turistar\" \/>\n<meta property=\"og:description\" content=\"Conoce la historia y el impacto del D\u00eda Internacional de la Conciencia 2025, una iniciativa de la ONU para promover la paz y la tolerancia en todo el mundo.\" \/>\n<meta property=\"og:url\" content=\"https:\/\/etn.com.mx\/blog\/dia-internacional-de-la-conciencia-2025\/\" \/>\n<meta property=\"og:site_name\" content=\"Blog ETN Turistar\" \/>\n<meta property=\"article:publisher\" content=\"https:\/\/www.facebook.com\/etnturistar\/\" \/>\n<meta property=\"article:author\" content=\"https:\/\/www.facebook.com\/etnturistar\" \/>\n<meta property=\"article:published_time\" content=\"2025-04-02T16:25:00+00:00\" \/>\n<meta property=\"og:image\" content=\"https:\/\/etn.com.mx\/blog\/wp-content\/uploads\/2025\/03\/Dia-Internacional-de-la-Conciencia-2025.webp\" \/>\n\t<meta property=\"og:image:width\" content=\"1024\" \/>\n\t<meta property=\"og:image:height\" content=\"1024\" \/>\n\t<meta property=\"og:image:type\" content=\"image\/webp\" \/>\n<meta name=\"author\" content=\"ETN Turistar Boletos de autob\u00fas\" \/>\n<meta name=\"twitter:card\" content=\"summary_large_image\" \/>\n<meta name=\"twitter:creator\" content=\"@ETNTURISTAR\" \/>\n<meta name=\"twitter:site\" content=\"@ETNTURISTAR\" \/>\n<meta name=\"twitter:label1\" content=\"Escrito por\" \/>\n\t<meta name=\"twitter:data1\" content=\"ETN Turistar Boletos de autob\u00fas\" \/>\n\t<meta name=\"twitter:label2\" content=\"Tiempo de lectura\" \/>\n\t<meta name=\"twitter:data2\" content=\"5 minutos\" \/>\n<script type=\"application\/ld+json\" class=\"yoast-schema-graph\">{\"@context\":\"https:\\\/\\\/schema.org\",\"@graph\":[{\"@type\":\"Article\",\"@id\":\"https:\\\/\\\/etn.com.mx\\\/blog\\\/dia-internacional-de-la-conciencia-2025\\\/#article\",\"isPartOf\":{\"@id\":\"https:\\\/\\\/etn.com.mx\\\/blog\\\/dia-internacional-de-la-conciencia-2025\\\/\"},\"author\":{\"name\":\"ETN Turistar Boletos de autob\u00fas\",\"@id\":\"https:\\\/\\\/etn.com.mx\\\/blog\\\/#\\\/schema\\\/person\\\/fffbc5e1d1ec1f41e0d89bfd4ecf6a82\"},\"headline\":\"D\u00eda Internacional de la Conciencia 2025\",\"datePublished\":\"2025-04-02T16:25:00+00:00\",\"mainEntityOfPage\":{\"@id\":\"https:\\\/\\\/etn.com.mx\\\/blog\\\/dia-internacional-de-la-conciencia-2025\\\/\"},\"wordCount\":876,\"commentCount\":0,\"publisher\":{\"@id\":\"https:\\\/\\\/etn.com.mx\\\/blog\\\/#organization\"},\"image\":{\"@id\":\"https:\\\/\\\/etn.com.mx\\\/blog\\\/dia-internacional-de-la-conciencia-2025\\\/#primaryimage\"},\"thumbnailUrl\":\"https:\\\/\\\/etn.com.mx\\\/blog\\\/wp-content\\\/uploads\\\/2025\\\/03\\\/Dia-Internacional-de-la-Conciencia-2025.webp\",\"articleSection\":[\"Cultura\"],\"inLanguage\":\"es\",\"potentialAction\":[{\"@type\":\"CommentAction\",\"name\":\"Comment\",\"target\":[\"https:\\\/\\\/etn.com.mx\\\/blog\\\/dia-internacional-de-la-conciencia-2025\\\/#respond\"]}]},{\"@type\":\"WebPage\",\"@id\":\"https:\\\/\\\/etn.com.mx\\\/blog\\\/dia-internacional-de-la-conciencia-2025\\\/\",\"url\":\"https:\\\/\\\/etn.com.mx\\\/blog\\\/dia-internacional-de-la-conciencia-2025\\\/\",\"name\":\"D\u00eda Internacional de la Conciencia 2025 | ETN Turistar\",\"isPartOf\":{\"@id\":\"https:\\\/\\\/etn.com.mx\\\/blog\\\/#website\"},\"primaryImageOfPage\":{\"@id\":\"https:\\\/\\\/etn.com.mx\\\/blog\\\/dia-internacional-de-la-conciencia-2025\\\/#primaryimage\"},\"image\":{\"@id\":\"https:\\\/\\\/etn.com.mx\\\/blog\\\/dia-internacional-de-la-conciencia-2025\\\/#primaryimage\"},\"thumbnailUrl\":\"https:\\\/\\\/etn.com.mx\\\/blog\\\/wp-content\\\/uploads\\\/2025\\\/03\\\/Dia-Internacional-de-la-Conciencia-2025.webp\",\"datePublished\":\"2025-04-02T16:25:00+00:00\",\"description\":\"Conoce la historia y el impacto del D\u00eda Internacional de la Conciencia 2025, una iniciativa de la ONU para promover la paz y la tolerancia en todo el mundo.\",\"breadcrumb\":{\"@id\":\"https:\\\/\\\/etn.com.mx\\\/blog\\\/dia-internacional-de-la-conciencia-2025\\\/#breadcrumb\"},\"inLanguage\":\"es\",\"potentialAction\":[{\"@type\":\"ReadAction\",\"target\":[\"https:\\\/\\\/etn.com.mx\\\/blog\\\/dia-internacional-de-la-conciencia-2025\\\/\"]}]},{\"@type\":\"ImageObject\",\"inLanguage\":\"es\",\"@id\":\"https:\\\/\\\/etn.com.mx\\\/blog\\\/dia-internacional-de-la-conciencia-2025\\\/#primaryimage\",\"url\":\"https:\\\/\\\/etn.com.mx\\\/blog\\\/wp-content\\\/uploads\\\/2025\\\/03\\\/Dia-Internacional-de-la-Conciencia-2025.webp\",\"contentUrl\":\"https:\\\/\\\/etn.com.mx\\\/blog\\\/wp-content\\\/uploads\\\/2025\\\/03\\\/Dia-Internacional-de-la-Conciencia-2025.webp\",\"width\":1024,\"height\":1024,\"caption\":\"Dia Internacional de la Conciencia 2025\"},{\"@type\":\"BreadcrumbList\",\"@id\":\"https:\\\/\\\/etn.com.mx\\\/blog\\\/dia-internacional-de-la-conciencia-2025\\\/#breadcrumb\",\"itemListElement\":[{\"@type\":\"ListItem\",\"position\":1,\"name\":\"Inicio Blog\",\"item\":\"https:\\\/\\\/etn.com.mx\\\/blog\\\/\"},{\"@type\":\"ListItem\",\"position\":2,\"name\":\"Cultura\",\"item\":\"https:\\\/\\\/etn.com.mx\\\/blog\\\/category\\\/cultura\\\/\"},{\"@type\":\"ListItem\",\"position\":3,\"name\":\"D\u00eda Internacional de la Conciencia 2025\"}]},{\"@type\":\"WebSite\",\"@id\":\"https:\\\/\\\/etn.com.mx\\\/blog\\\/#website\",\"url\":\"https:\\\/\\\/etn.com.mx\\\/blog\\\/\",\"name\":\"Blog ETN\",\"description\":\"Blog ETN L\u00ednea de Autobuses de lujo con destinos a M\u00e9xico, Guadalajara, Morelia, Le\u00f3n, Quer\u00e9taro, San Luis Potos\u00ed, Monterrey, Acapulco y 24 estados de la rep\u00fablica.\",\"publisher\":{\"@id\":\"https:\\\/\\\/etn.com.mx\\\/blog\\\/#organization\"},\"alternateName\":\"Autobuses ETN Turistar\",\"potentialAction\":[{\"@type\":\"SearchAction\",\"target\":{\"@type\":\"EntryPoint\",\"urlTemplate\":\"https:\\\/\\\/etn.com.mx\\\/blog\\\/?s={search_term_string}\"},\"query-input\":{\"@type\":\"PropertyValueSpecification\",\"valueRequired\":true,\"valueName\":\"search_term_string\"}}],\"inLanguage\":\"es\"},{\"@type\":\"Organization\",\"@id\":\"https:\\\/\\\/etn.com.mx\\\/blog\\\/#organization\",\"name\":\"ETN Turistar Lujo\",\"alternateName\":\"Boletos de autobus ETN\",\"url\":\"https:\\\/\\\/etn.com.mx\\\/blog\\\/\",\"logo\":{\"@type\":\"ImageObject\",\"inLanguage\":\"es\",\"@id\":\"https:\\\/\\\/etn.com.mx\\\/blog\\\/#\\\/schema\\\/logo\\\/image\\\/\",\"url\":\"https:\\\/\\\/etn.com.mx\\\/blog\\\/wp-content\\\/uploads\\\/2023\\\/07\\\/logo-etnturistar.png\",\"contentUrl\":\"https:\\\/\\\/etn.com.mx\\\/blog\\\/wp-content\\\/uploads\\\/2023\\\/07\\\/logo-etnturistar.png\",\"width\":495,\"height\":52,\"caption\":\"ETN Turistar Lujo\"},\"image\":{\"@id\":\"https:\\\/\\\/etn.com.mx\\\/blog\\\/#\\\/schema\\\/logo\\\/image\\\/\"},\"sameAs\":[\"https:\\\/\\\/www.facebook.com\\\/etnturistar\\\/\",\"https:\\\/\\\/x.com\\\/ETNTURISTAR\"]},{\"@type\":\"Person\",\"@id\":\"https:\\\/\\\/etn.com.mx\\\/blog\\\/#\\\/schema\\\/person\\\/fffbc5e1d1ec1f41e0d89bfd4ecf6a82\",\"name\":\"ETN Turistar Boletos de autob\u00fas\",\"image\":{\"@type\":\"ImageObject\",\"inLanguage\":\"es\",\"@id\":\"https:\\\/\\\/secure.gravatar.com\\\/avatar\\\/377cbd78ae908164a584db6b641972aecb63e933e0c7a5b8999a91fe8815e82e?s=96&d=mm&r=g\",\"url\":\"https:\\\/\\\/secure.gravatar.com\\\/avatar\\\/377cbd78ae908164a584db6b641972aecb63e933e0c7a5b8999a91fe8815e82e?s=96&d=mm&r=g\",\"contentUrl\":\"https:\\\/\\\/secure.gravatar.com\\\/avatar\\\/377cbd78ae908164a584db6b641972aecb63e933e0c7a5b8999a91fe8815e82e?s=96&d=mm&r=g\",\"caption\":\"ETN Turistar Boletos de autob\u00fas\"},\"description\":\"Compra boletos de autob\u00fas con ETN y viaja a m\u00e1s de 60 destinos en M\u00e9xico. Disfruta los autobuses de lujo, seguridad y confort. \u00a1Reserva f\u00e1cil en l\u00ednea!\",\"sameAs\":[\"https:\\\/\\\/etn.com.mx\",\"https:\\\/\\\/www.facebook.com\\\/etnturistar\",\"https:\\\/\\\/www.instagram.com\\\/etn_turistar\",\"https:\\\/\\\/www.linkedin.com\\\/company\\\/etn-turistar-lujo\",\"https:\\\/\\\/www.youtube.com\\\/ETNTuristarLujo\"],\"url\":\"https:\\\/\\\/etn.com.mx\\\/blog\\\/author\\\/etnturistar\\\/\"}]}<\/script>\n<!-- \/ Yoast SEO plugin. -->","yoast_head_json":{"title":"D\u00eda Internacional de la Conciencia 2025 | ETN Turistar","description":"Conoce la historia y el impacto del D\u00eda Internacional de la Conciencia 2025, una iniciativa de la ONU para promover la paz y la tolerancia en todo el mundo.","robots":{"index":"index","follow":"follow","max-snippet":"max-snippet:-1","max-image-preview":"max-image-preview:large","max-video-preview":"max-video-preview:-1"},"canonical":"https:\/\/etn.com.mx\/blog\/dia-internacional-de-la-conciencia-2025\/","og_locale":"es_ES","og_type":"article","og_title":"D\u00eda Internacional de la Conciencia 2025 | ETN Turistar","og_description":"Conoce la historia y el impacto del D\u00eda Internacional de la Conciencia 2025, una iniciativa de la ONU para promover la paz y la tolerancia en todo el mundo.","og_url":"https:\/\/etn.com.mx\/blog\/dia-internacional-de-la-conciencia-2025\/","og_site_name":"Blog ETN Turistar","article_publisher":"https:\/\/www.facebook.com\/etnturistar\/","article_author":"https:\/\/www.facebook.com\/etnturistar","article_published_time":"2025-04-02T16:25:00+00:00","og_image":[{"width":1024,"height":1024,"url":"https:\/\/etn.com.mx\/blog\/wp-content\/uploads\/2025\/03\/Dia-Internacional-de-la-Conciencia-2025.webp","type":"image\/webp"}],"author":"ETN Turistar Boletos de autob\u00fas","twitter_card":"summary_large_image","twitter_creator":"@ETNTURISTAR","twitter_site":"@ETNTURISTAR","twitter_misc":{"Escrito por":"ETN Turistar Boletos de autob\u00fas","Tiempo de lectura":"5 minutos"},"schema":{"@context":"https:\/\/schema.org","@graph":[{"@type":"Article","@id":"https:\/\/etn.com.mx\/blog\/dia-internacional-de-la-conciencia-2025\/#article","isPartOf":{"@id":"https:\/\/etn.com.mx\/blog\/dia-internacional-de-la-conciencia-2025\/"},"author":{"name":"ETN Turistar Boletos de autob\u00fas","@id":"https:\/\/etn.com.mx\/blog\/#\/schema\/person\/fffbc5e1d1ec1f41e0d89bfd4ecf6a82"},"headline":"D\u00eda Internacional de la Conciencia 2025","datePublished":"2025-04-02T16:25:00+00:00","mainEntityOfPage":{"@id":"https:\/\/etn.com.mx\/blog\/dia-internacional-de-la-conciencia-2025\/"},"wordCount":876,"commentCount":0,"publisher":{"@id":"https:\/\/etn.com.mx\/blog\/#organization"},"image":{"@id":"https:\/\/etn.com.mx\/blog\/dia-internacional-de-la-conciencia-2025\/#primaryimage"},"thumbnailUrl":"https:\/\/etn.com.mx\/blog\/wp-content\/uploads\/2025\/03\/Dia-Internacional-de-la-Conciencia-2025.webp","articleSection":["Cultura"],"inLanguage":"es","potentialAction":[{"@type":"CommentAction","name":"Comment","target":["https:\/\/etn.com.mx\/blog\/dia-internacional-de-la-conciencia-2025\/#respond"]}]},{"@type":"WebPage","@id":"https:\/\/etn.com.mx\/blog\/dia-internacional-de-la-conciencia-2025\/","url":"https:\/\/etn.com.mx\/blog\/dia-internacional-de-la-conciencia-2025\/","name":"D\u00eda Internacional de la Conciencia 2025 | ETN Turistar","isPartOf":{"@id":"https:\/\/etn.com.mx\/blog\/#website"},"primaryImageOfPage":{"@id":"https:\/\/etn.com.mx\/blog\/dia-internacional-de-la-conciencia-2025\/#primaryimage"},"image":{"@id":"https:\/\/etn.com.mx\/blog\/dia-internacional-de-la-conciencia-2025\/#primaryimage"},"thumbnailUrl":"https:\/\/etn.com.mx\/blog\/wp-content\/uploads\/2025\/03\/Dia-Internacional-de-la-Conciencia-2025.webp","datePublished":"2025-04-02T16:25:00+00:00","description":"Conoce la historia y el impacto del D\u00eda Internacional de la Conciencia 2025, una iniciativa de la ONU para promover la paz y la tolerancia en todo el mundo.","breadcrumb":{"@id":"https:\/\/etn.com.mx\/blog\/dia-internacional-de-la-conciencia-2025\/#breadcrumb"},"inLanguage":"es","potentialAction":[{"@type":"ReadAction","target":["https:\/\/etn.com.mx\/blog\/dia-internacional-de-la-conciencia-2025\/"]}]},{"@type":"ImageObject","inLanguage":"es","@id":"https:\/\/etn.com.mx\/blog\/dia-internacional-de-la-conciencia-2025\/#primaryimage","url":"https:\/\/etn.com.mx\/blog\/wp-content\/uploads\/2025\/03\/Dia-Internacional-de-la-Conciencia-2025.webp","contentUrl":"https:\/\/etn.com.mx\/blog\/wp-content\/uploads\/2025\/03\/Dia-Internacional-de-la-Conciencia-2025.webp","width":1024,"height":1024,"caption":"Dia Internacional de la Conciencia 2025"},{"@type":"BreadcrumbList","@id":"https:\/\/etn.com.mx\/blog\/dia-internacional-de-la-conciencia-2025\/#breadcrumb","itemListElement":[{"@type":"ListItem","position":1,"name":"Inicio Blog","item":"https:\/\/etn.com.mx\/blog\/"},{"@type":"ListItem","position":2,"name":"Cultura","item":"https:\/\/etn.com.mx\/blog\/category\/cultura\/"},{"@type":"ListItem","position":3,"name":"D\u00eda Internacional de la Conciencia 2025"}]},{"@type":"WebSite","@id":"https:\/\/etn.com.mx\/blog\/#website","url":"https:\/\/etn.com.mx\/blog\/","name":"Blog ETN","description":"Blog ETN L\u00ednea de Autobuses de lujo con destinos a M\u00e9xico, Guadalajara, Morelia, Le\u00f3n, Quer\u00e9taro, San Luis Potos\u00ed, Monterrey, Acapulco y 24 estados de la rep\u00fablica.","publisher":{"@id":"https:\/\/etn.com.mx\/blog\/#organization"},"alternateName":"Autobuses ETN Turistar","potentialAction":[{"@type":"SearchAction","target":{"@type":"EntryPoint","urlTemplate":"https:\/\/etn.com.mx\/blog\/?s={search_term_string}"},"query-input":{"@type":"PropertyValueSpecification","valueRequired":true,"valueName":"search_term_string"}}],"inLanguage":"es"},{"@type":"Organization","@id":"https:\/\/etn.com.mx\/blog\/#organization","name":"ETN Turistar Lujo","alternateName":"Boletos de autobus ETN","url":"https:\/\/etn.com.mx\/blog\/","logo":{"@type":"ImageObject","inLanguage":"es","@id":"https:\/\/etn.com.mx\/blog\/#\/schema\/logo\/image\/","url":"https:\/\/etn.com.mx\/blog\/wp-content\/uploads\/2023\/07\/logo-etnturistar.png","contentUrl":"https:\/\/etn.com.mx\/blog\/wp-content\/uploads\/2023\/07\/logo-etnturistar.png","width":495,"height":52,"caption":"ETN Turistar Lujo"},"image":{"@id":"https:\/\/etn.com.mx\/blog\/#\/schema\/logo\/image\/"},"sameAs":["https:\/\/www.facebook.com\/etnturistar\/","https:\/\/x.com\/ETNTURISTAR"]},{"@type":"Person","@id":"https:\/\/etn.com.mx\/blog\/#\/schema\/person\/fffbc5e1d1ec1f41e0d89bfd4ecf6a82","name":"ETN Turistar Boletos de autob\u00fas","image":{"@type":"ImageObject","inLanguage":"es","@id":"https:\/\/secure.gravatar.com\/avatar\/377cbd78ae908164a584db6b641972aecb63e933e0c7a5b8999a91fe8815e82e?s=96&d=mm&r=g","url":"https:\/\/secure.gravatar.com\/avatar\/377cbd78ae908164a584db6b641972aecb63e933e0c7a5b8999a91fe8815e82e?s=96&d=mm&r=g","contentUrl":"https:\/\/secure.gravatar.com\/avatar\/377cbd78ae908164a584db6b641972aecb63e933e0c7a5b8999a91fe8815e82e?s=96&d=mm&r=g","caption":"ETN Turistar Boletos de autob\u00fas"},"description":"Compra boletos de autob\u00fas con ETN y viaja a m\u00e1s de 60 destinos en M\u00e9xico. Disfruta los autobuses de lujo, seguridad y confort. \u00a1Reserva f\u00e1cil en l\u00ednea!","sameAs":["https:\/\/etn.com.mx","https:\/\/www.facebook.com\/etnturistar","https:\/\/www.instagram.com\/etn_turistar","https:\/\/www.linkedin.com\/company\/etn-turistar-lujo","https:\/\/www.youtube.com\/ETNTuristarLujo"],"url":"https:\/\/etn.com.mx\/blog\/author\/etnturistar\/"}]}},"_links":{"self":[{"href":"https:\/\/etn.com.mx\/blog\/wp-json\/wp\/v2\/posts\/4936","targetHints":{"allow":["GET"]}}],"collection":[{"href":"https:\/\/etn.com.mx\/blog\/wp-json\/wp\/v2\/posts"}],"about":[{"href":"https:\/\/etn.com.mx\/blog\/wp-json\/wp\/v2\/types\/post"}],"author":[{"embeddable":true,"href":"https:\/\/etn.com.mx\/blog\/wp-json\/wp\/v2\/users\/15"}],"replies":[{"embeddable":true,"href":"https:\/\/etn.com.mx\/blog\/wp-json\/wp\/v2\/comments?post=4936"}],"version-history":[{"count":4,"href":"https:\/\/etn.com.mx\/blog\/wp-json\/wp\/v2\/posts\/4936\/revisions"}],"predecessor-version":[{"id":4942,"href":"https:\/\/etn.com.mx\/blog\/wp-json\/wp\/v2\/posts\/4936\/revisions\/4942"}],"wp:featuredmedia":[{"embeddable":true,"href":"https:\/\/etn.com.mx\/blog\/wp-json\/wp\/v2\/media\/4939"}],"wp:attachment":[{"href":"https:\/\/etn.com.mx\/blog\/wp-json\/wp\/v2\/media?parent=4936"}],"wp:term":[{"taxonomy":"category","embeddable":true,"href":"https:\/\/etn.com.mx\/blog\/wp-json\/wp\/v2\/categories?post=4936"},{"taxonomy":"post_tag","embeddable":true,"href":"https:\/\/etn.com.mx\/blog\/wp-json\/wp\/v2\/tags?post=4936"}],"curies":[{"name":"wp","href":"https:\/\/api.w.org\/{rel}","templated":true}]}}