{"id":4927,"date":"2025-03-28T17:45:00","date_gmt":"2025-03-28T23:45:00","guid":{"rendered":"https:\/\/etn.com.mx\/blog\/?p=4927"},"modified":"2025-03-26T13:31:54","modified_gmt":"2025-03-26T19:31:54","slug":"dia-internacional-del-libro-infantil-y-juvenil-2025","status":"publish","type":"post","link":"https:\/\/etn.com.mx\/blog\/dia-internacional-del-libro-infantil-y-juvenil-2025\/","title":{"rendered":"D\u00eda Internacional del Libro Infantil y Juvenil 2025"},"content":{"rendered":"<div class=\"wp-block-image\">\n<figure class=\"aligncenter size-full is-resized\"><img fetchpriority=\"high\" decoding=\"async\" width=\"1024\" height=\"1024\" src=\"https:\/\/etn.com.mx\/blog\/wp-content\/uploads\/2025\/03\/dia-internacional-del-libro-infantil-y-juvenil-2025.webp\" alt=\"d\u00eda internacional del libro infantil y juvenil 2025\" class=\"wp-image-4931\" style=\"width:481px;height:auto\" srcset=\"https:\/\/etn.com.mx\/blog\/wp-content\/uploads\/2025\/03\/dia-internacional-del-libro-infantil-y-juvenil-2025.webp 1024w, https:\/\/etn.com.mx\/blog\/wp-content\/uploads\/2025\/03\/dia-internacional-del-libro-infantil-y-juvenil-2025-300x300.webp 300w, https:\/\/etn.com.mx\/blog\/wp-content\/uploads\/2025\/03\/dia-internacional-del-libro-infantil-y-juvenil-2025-150x150.webp 150w, https:\/\/etn.com.mx\/blog\/wp-content\/uploads\/2025\/03\/dia-internacional-del-libro-infantil-y-juvenil-2025-768x768.webp 768w\" sizes=\"(max-width: 1024px) 100vw, 1024px\" \/><\/figure>\n<\/div>\n\n\n<p class=\"has-medium-font-size\">El\u00a0<strong>D\u00eda Internacional del Libro Infantil y Juvenil<\/strong> <strong>2025<\/strong>\u00a0se celebra anualmente el\u00a0<strong>2 de abril<\/strong>\u00a0en honor al nacimiento del c\u00e9lebre escritor dan\u00e9s\u00a0<strong>Hans Christian Andersen<\/strong>, conocido por sus cuentos de hadas que han encantado a generaciones de ni\u00f1os y adultos. Esta celebraci\u00f3n fue instaurada en 1967 por la\u00a0<strong>Organizaci\u00f3n Internacional para el Libro Juvenil (IBBY)<\/strong>\u00a0con el prop\u00f3sito de fomentar la lectura y promover los buenos libros infantiles y juveniles en todo el mundo.<\/p>\n\n\n\n<h3 class=\"wp-block-heading\">Tema y Patrocinador de 2025<\/h3>\n\n\n\n<p class=\"has-medium-font-size\">El <strong>D\u00eda Internacional del Libro Infantil y Juvenil<\/strong> <strong>2025<\/strong>, la celebraci\u00f3n est\u00e1 patrocinada por la secci\u00f3n de IBBY de\u00a0<strong>Pa\u00edses Bajos<\/strong>. El tema de este a\u00f1o es\u00a0<strong>\u00abLa libertad de la imaginaci\u00f3n\u00bb<\/strong>, y el lema es la \u00faltima frase del poema \u00abLenguaje visual\u00bb:\u00a0<strong>\u00abHaz dibujos para mi poema, pero si\u00e9ntete libre: son tuyas estas palabras que han salido de mi boca\u00bb<\/strong>. Este poema proviene de la colecci\u00f3n ilustrada de poes\u00eda\u00a0<strong>Alle wensen van de wereld (2021)<\/strong>\u00a0de la escritora y poeta holandesa\u00a0<strong>Rian Visser<\/strong>\u00a0y la ilustradora\u00a0<strong>Janneke Ipenburg<\/strong>.<\/p>\n\n\n\n<h3 class=\"wp-block-heading\">Objetivos y Significado<\/h3>\n\n\n\n<p class=\"has-medium-font-size\">El D\u00eda Internacional del Libro Infantil y Juvenil tiene varios objetivos clave:<\/p>\n\n\n\n<ol class=\"wp-block-list\">\n<li class=\"has-medium-font-size\"><strong>Promover la Lectura<\/strong>: Fomentar el amor por la lectura desde una edad temprana, destacando la importancia de los libros en el desarrollo intelectual y emocional de los ni\u00f1os y j\u00f3venes.<\/li>\n\n\n\n<li class=\"has-medium-font-size\"><strong>Celebrar la Literatura Infantil y Juvenil<\/strong>: Reconocer y celebrar la calidad y diversidad de la literatura infantil y juvenil, as\u00ed como el trabajo de autores, ilustradores y editores.<\/li>\n\n\n\n<li class=\"has-medium-font-size\"><strong>Fomentar la Creatividad<\/strong>: Inspirar a los ni\u00f1os y j\u00f3venes a explorar su creatividad a trav\u00e9s de la lectura y la escritura, y a expresarse mediante el arte y la literatura.<\/li>\n\n\n\n<li class=\"has-medium-font-size\"><strong>Unir a la Comunidad Global<\/strong>: Crear un sentido de comunidad global al unir a ni\u00f1os, padres, educadores y amantes de los libros de todo el mundo en una celebraci\u00f3n compartida de la literatura.<\/li>\n<\/ol>\n\n\n\n<h3 class=\"wp-block-heading\">Actividades y Eventos<\/h3>\n\n\n\n<p class=\"has-medium-font-size\">Para conmemorar esta fecha, se organizan diversas actividades y eventos en todo el mundo, tales como:<\/p>\n\n\n\n<ul class=\"wp-block-list\">\n<li class=\"has-medium-font-size\"><strong>Concursos de Dibujo y Escritura<\/strong>: Competencias que invitan a los ni\u00f1os a crear obras de arte o escribir historias inspiradas en el tema del a\u00f1o.<\/li>\n\n\n\n<li class=\"has-medium-font-size\"><strong>Lecturas P\u00fablicas y Encuentros con Autores<\/strong>: Eventos donde los ni\u00f1os pueden escuchar a sus autores favoritos leer en voz alta y participar en sesiones de preguntas y respuestas.<\/li>\n\n\n\n<li class=\"has-medium-font-size\"><strong>Talleres Creativos<\/strong>: Talleres que fomentan la creatividad y la imaginaci\u00f3n, ofreciendo a los ni\u00f1os la oportunidad de aprender nuevas habilidades art\u00edsticas y literarias.<\/li>\n\n\n\n<li class=\"has-medium-font-size\"><strong>Campa\u00f1as de Donaci\u00f3n de Libros<\/strong>: Iniciativas para recolectar y distribuir libros a ni\u00f1os en comunidades desfavorecidas, promoviendo el acceso a la lectura para todos.<\/li>\n<\/ul>\n\n\n\n<h3 class=\"wp-block-heading\">Participaci\u00f3n y Promoci\u00f3n<\/h3>\n\n\n\n<p class=\"has-medium-font-size\">El <strong>D\u00eda Internacional del Libro Infantil y Juvenil 2025<\/strong> es una excelente oportunidad para que bibliotecas, escuelas, librer\u00edas y otros centros culturales promuevan la lectura entre los j\u00f3venes. Se anima a todos a participar en las actividades y a compartir sus experiencias en redes sociales para inspirar a otros a unirse a la celebraci\u00f3n.<\/p>\n\n\n\n<p class=\"has-medium-font-size\">Para m\u00e1s informaci\u00f3n entra al sitio web: <a href=\"https:\/\/www.ibby.org\/es\/awards-activities\/activities\/dia-internacional-del-libro-infantil?utm_source=chatgpt.com\">https:\/\/www.ibby.org\/es\/awards-activities\/activities\/dia-internacional-del-libro-infantil?utm_source=chatgpt.com<\/a><\/p>\n\n\n\n<p class=\"has-medium-font-size\">Viaja c\u00f3modamente c<strong>on ETN Turistar<\/strong> a destinos como\u00a0<strong>Aguascalientes, Ciudad de M\u00e9xico, Guadalajara, Le\u00f3n, Mazatl\u00e1n, Puebla, Quer\u00e9taro<\/strong>, entre otros.\u00a0As\u00ed mismo, explora su\u00a0<strong>cultura, tradici\u00f3n<\/strong>\u00a0e\u00a0<strong>impresionantes atractivos tur\u00edsticos<\/strong> con los que cuenta cada una de estas hermosas ciudades.<\/p>\n\n\n\n<p class=\"has-medium-font-size\">Viajar con <strong>ETN Turistar<\/strong> a nuestros emblem\u00e1ticos destinos, es una experiencia segura, c\u00f3moda y confortable. Sin lugar a dudas es el arte de viajar en autob\u00fas.<\/p>\n\n\n\n<p class=\"has-medium-font-size\">Los autobuses de&nbsp;<strong>ETN<\/strong>&nbsp;se destacan por ser los m\u00e1s c\u00f3modos, por lo que hacen de tu viaje una experiencia completamente satisfactoria. Adem\u00e1s, cuenta con los siguientes servicios a bordo:<\/p>\n\n\n\n<ul class=\"wp-block-list\">\n<li class=\"has-medium-font-size\">Asientos reclinables<\/li>\n\n\n\n<li class=\"has-medium-font-size\">Pantallas individuales<\/li>\n\n\n\n<li class=\"has-medium-font-size\">Sanitarios de damas y caballeros.<\/li>\n\n\n\n<li class=\"has-medium-font-size\">Conexiones el\u00e9ctricas.<\/li>\n\n\n\n<li class=\"has-medium-font-size\">Aire acondicionado personalizado.<\/li>\n<\/ul>\n\n\n\n<p class=\"has-medium-font-size\">Las terminales&nbsp;<strong>ETN<\/strong>&nbsp;cuentan con salas de espera&nbsp;VIP, disponibles en m\u00e1s de 15 ubicaciones en todo el pa\u00eds. Para m\u00e1s informaci\u00f3n sobre nuestros servicios y destinos, puedes visitar nuestro sitio web&nbsp;<a href=\"https:\/\/www.etn.com.mx\">https:\/\/www.etn.com.mx<\/a>&nbsp;o llamar al Tel.:&nbsp;800 8000 386.<\/p>\n","protected":false},"excerpt":{"rendered":"<p>El\u00a0D\u00eda Internacional del Libro Infantil y Juvenil 2025\u00a0se celebra anualmente el\u00a02 de abril\u00a0en honor al nacimiento del c\u00e9lebre escritor dan\u00e9s\u00a0Hans Christian Andersen, conocido por sus cuentos de hadas que han encantado a generaciones de ni\u00f1os y adultos. Esta celebraci\u00f3n fue instaurada en 1967 por la\u00a0Organizaci\u00f3n Internacional para el Libro Juvenil (IBBY)\u00a0con el prop\u00f3sito de fomentar la lectura y promover los buenos libros infantiles y juveniles en todo el mundo. Tema y Patrocinador de 2025 El D\u00eda Internacional del Libro Infantil y Juvenil 2025, la celebraci\u00f3n est\u00e1 patrocinada por la secci\u00f3n de IBBY de\u00a0Pa\u00edses Bajos. El tema de este a\u00f1o es\u00a0\u00abLa libertad de la imaginaci\u00f3n\u00bb, y el lema es la \u00faltima frase del poema \u00abLenguaje visual\u00bb:\u00a0\u00abHaz dibujos para mi poema, pero si\u00e9ntete libre: son tuyas estas palabras que han salido de mi boca\u00bb. Este poema proviene de la colecci\u00f3n ilustrada de poes\u00eda\u00a0Alle wensen van de wereld (2021)\u00a0de la escritora y poeta holandesa\u00a0Rian Visser\u00a0y la ilustradora\u00a0Janneke Ipenburg. Objetivos y Significado El D\u00eda Internacional del Libro Infantil y Juvenil tiene varios objetivos clave: Actividades y Eventos Para conmemorar esta fecha, se organizan diversas actividades y eventos en todo el mundo, tales como: Participaci\u00f3n y Promoci\u00f3n El D\u00eda Internacional del Libro Infantil y Juvenil 2025 es una excelente oportunidad para que bibliotecas, escuelas, librer\u00edas y otros centros culturales promuevan la lectura entre los j\u00f3venes. Se anima a todos a participar en las actividades y a compartir sus experiencias en redes sociales para inspirar a otros a unirse a la celebraci\u00f3n. Para m\u00e1s informaci\u00f3n entra al sitio web: https:\/\/www.ibby.org\/es\/awards-activities\/activities\/dia-internacional-del-libro-infantil?utm_source=chatgpt.com Viaja c\u00f3modamente con ETN Turistar a destinos como\u00a0Aguascalientes, Ciudad de M\u00e9xico, Guadalajara, Le\u00f3n, Mazatl\u00e1n, Puebla, Quer\u00e9taro, entre otros.\u00a0As\u00ed mismo, explora su\u00a0cultura, tradici\u00f3n\u00a0e\u00a0impresionantes atractivos tur\u00edsticos con los que cuenta cada una de estas hermosas ciudades. Viajar con ETN Turistar a nuestros emblem\u00e1ticos destinos, es una experiencia segura, c\u00f3moda y confortable. Sin lugar a dudas es el arte de viajar en autob\u00fas. Los autobuses de&nbsp;ETN&nbsp;se destacan por ser los m\u00e1s c\u00f3modos, por lo que hacen de tu viaje una experiencia completamente satisfactoria. Adem\u00e1s, cuenta con los siguientes servicios a bordo: Las terminales&nbsp;ETN&nbsp;cuentan con salas de espera&nbsp;VIP, disponibles en m\u00e1s de 15 ubicaciones en todo el pa\u00eds. Para m\u00e1s informaci\u00f3n sobre nuestros servicios y destinos, puedes visitar nuestro sitio web&nbsp;https:\/\/www.etn.com.mx&nbsp;o llamar al Tel.:&nbsp;800 8000 386.<\/p>\n","protected":false},"author":15,"featured_media":4932,"comment_status":"open","ping_status":"closed","sticky":false,"template":"","format":"standard","meta":{"neve_meta_sidebar":"","neve_meta_container":"","neve_meta_enable_content_width":"","neve_meta_content_width":0,"neve_meta_title_alignment":"","neve_meta_author_avatar":"","neve_post_elements_order":"","neve_meta_disable_header":"","neve_meta_disable_footer":"","neve_meta_disable_title":"","footnotes":""},"categories":[1365],"tags":[],"class_list":["post-4927","post","type-post","status-publish","format-standard","has-post-thumbnail","hentry","category-cultura"],"yoast_head":"<!-- This site is optimized with the Yoast SEO plugin v27.3 - https:\/\/yoast.com\/product\/yoast-seo-wordpress\/ -->\n<title>D\u00eda Internacional del Libro Infantil y Juvenil 2025 | ETN Turistar<\/title>\n<meta name=\"description\" content=\"Celebrar el D\u00eda Internacional del Libro Infantil y Juvenil 2025 con actividades creativas y eventos inspiradores. \u00a1Fomenta la lectura y la imaginaci\u00f3n en los ni\u00f1os y j\u00f3venes!\" \/>\n<meta name=\"robots\" content=\"index, follow, max-snippet:-1, max-image-preview:large, max-video-preview:-1\" \/>\n<link rel=\"canonical\" href=\"https:\/\/etn.com.mx\/blog\/dia-internacional-del-libro-infantil-y-juvenil-2025\/\" \/>\n<meta property=\"og:locale\" content=\"es_ES\" \/>\n<meta property=\"og:type\" content=\"article\" \/>\n<meta property=\"og:title\" content=\"D\u00eda Internacional del Libro Infantil y Juvenil 2025 | ETN Turistar\" \/>\n<meta property=\"og:description\" content=\"Celebrar el D\u00eda Internacional del Libro Infantil y Juvenil 2025 con actividades creativas y eventos inspiradores. \u00a1Fomenta la lectura y la imaginaci\u00f3n en los ni\u00f1os y j\u00f3venes!\" \/>\n<meta property=\"og:url\" content=\"https:\/\/etn.com.mx\/blog\/dia-internacional-del-libro-infantil-y-juvenil-2025\/\" \/>\n<meta property=\"og:site_name\" content=\"Blog ETN Turistar\" \/>\n<meta property=\"article:publisher\" content=\"https:\/\/www.facebook.com\/etnturistar\/\" \/>\n<meta property=\"article:author\" content=\"https:\/\/www.facebook.com\/etnturistar\" \/>\n<meta property=\"article:published_time\" content=\"2025-03-28T23:45:00+00:00\" \/>\n<meta property=\"og:image\" content=\"https:\/\/etn.com.mx\/blog\/wp-content\/uploads\/2025\/03\/dia-internacional-del-libro-infantil-y-juvenil.webp\" \/>\n\t<meta property=\"og:image:width\" content=\"1024\" \/>\n\t<meta property=\"og:image:height\" content=\"1024\" \/>\n\t<meta property=\"og:image:type\" content=\"image\/webp\" \/>\n<meta name=\"author\" content=\"ETN Turistar Boletos de autob\u00fas\" \/>\n<meta name=\"twitter:card\" content=\"summary_large_image\" \/>\n<meta name=\"twitter:creator\" content=\"@ETNTURISTAR\" \/>\n<meta name=\"twitter:site\" content=\"@ETNTURISTAR\" \/>\n<meta name=\"twitter:label1\" content=\"Escrito por\" \/>\n\t<meta name=\"twitter:data1\" content=\"ETN Turistar Boletos de autob\u00fas\" \/>\n\t<meta name=\"twitter:label2\" content=\"Tiempo de lectura\" \/>\n\t<meta name=\"twitter:data2\" content=\"4 minutos\" \/>\n<script type=\"application\/ld+json\" class=\"yoast-schema-graph\">{\"@context\":\"https:\\\/\\\/schema.org\",\"@graph\":[{\"@type\":\"Article\",\"@id\":\"https:\\\/\\\/etn.com.mx\\\/blog\\\/dia-internacional-del-libro-infantil-y-juvenil-2025\\\/#article\",\"isPartOf\":{\"@id\":\"https:\\\/\\\/etn.com.mx\\\/blog\\\/dia-internacional-del-libro-infantil-y-juvenil-2025\\\/\"},\"author\":{\"name\":\"ETN Turistar Boletos de autob\u00fas\",\"@id\":\"https:\\\/\\\/etn.com.mx\\\/blog\\\/#\\\/schema\\\/person\\\/fffbc5e1d1ec1f41e0d89bfd4ecf6a82\"},\"headline\":\"D\u00eda Internacional del Libro Infantil y Juvenil 2025\",\"datePublished\":\"2025-03-28T23:45:00+00:00\",\"mainEntityOfPage\":{\"@id\":\"https:\\\/\\\/etn.com.mx\\\/blog\\\/dia-internacional-del-libro-infantil-y-juvenil-2025\\\/\"},\"wordCount\":719,\"commentCount\":0,\"publisher\":{\"@id\":\"https:\\\/\\\/etn.com.mx\\\/blog\\\/#organization\"},\"image\":{\"@id\":\"https:\\\/\\\/etn.com.mx\\\/blog\\\/dia-internacional-del-libro-infantil-y-juvenil-2025\\\/#primaryimage\"},\"thumbnailUrl\":\"https:\\\/\\\/etn.com.mx\\\/blog\\\/wp-content\\\/uploads\\\/2025\\\/03\\\/dia-internacional-del-libro-infantil-y-juvenil.webp\",\"articleSection\":[\"Cultura\"],\"inLanguage\":\"es\",\"potentialAction\":[{\"@type\":\"CommentAction\",\"name\":\"Comment\",\"target\":[\"https:\\\/\\\/etn.com.mx\\\/blog\\\/dia-internacional-del-libro-infantil-y-juvenil-2025\\\/#respond\"]}]},{\"@type\":\"WebPage\",\"@id\":\"https:\\\/\\\/etn.com.mx\\\/blog\\\/dia-internacional-del-libro-infantil-y-juvenil-2025\\\/\",\"url\":\"https:\\\/\\\/etn.com.mx\\\/blog\\\/dia-internacional-del-libro-infantil-y-juvenil-2025\\\/\",\"name\":\"D\u00eda Internacional del Libro Infantil y Juvenil 2025 | ETN Turistar\",\"isPartOf\":{\"@id\":\"https:\\\/\\\/etn.com.mx\\\/blog\\\/#website\"},\"primaryImageOfPage\":{\"@id\":\"https:\\\/\\\/etn.com.mx\\\/blog\\\/dia-internacional-del-libro-infantil-y-juvenil-2025\\\/#primaryimage\"},\"image\":{\"@id\":\"https:\\\/\\\/etn.com.mx\\\/blog\\\/dia-internacional-del-libro-infantil-y-juvenil-2025\\\/#primaryimage\"},\"thumbnailUrl\":\"https:\\\/\\\/etn.com.mx\\\/blog\\\/wp-content\\\/uploads\\\/2025\\\/03\\\/dia-internacional-del-libro-infantil-y-juvenil.webp\",\"datePublished\":\"2025-03-28T23:45:00+00:00\",\"description\":\"Celebrar el D\u00eda Internacional del Libro Infantil y Juvenil 2025 con actividades creativas y eventos inspiradores. \u00a1Fomenta la lectura y la imaginaci\u00f3n en los ni\u00f1os y j\u00f3venes!\",\"breadcrumb\":{\"@id\":\"https:\\\/\\\/etn.com.mx\\\/blog\\\/dia-internacional-del-libro-infantil-y-juvenil-2025\\\/#breadcrumb\"},\"inLanguage\":\"es\",\"potentialAction\":[{\"@type\":\"ReadAction\",\"target\":[\"https:\\\/\\\/etn.com.mx\\\/blog\\\/dia-internacional-del-libro-infantil-y-juvenil-2025\\\/\"]}]},{\"@type\":\"ImageObject\",\"inLanguage\":\"es\",\"@id\":\"https:\\\/\\\/etn.com.mx\\\/blog\\\/dia-internacional-del-libro-infantil-y-juvenil-2025\\\/#primaryimage\",\"url\":\"https:\\\/\\\/etn.com.mx\\\/blog\\\/wp-content\\\/uploads\\\/2025\\\/03\\\/dia-internacional-del-libro-infantil-y-juvenil.webp\",\"contentUrl\":\"https:\\\/\\\/etn.com.mx\\\/blog\\\/wp-content\\\/uploads\\\/2025\\\/03\\\/dia-internacional-del-libro-infantil-y-juvenil.webp\",\"width\":1024,\"height\":1024,\"caption\":\"D\u00eda Internacional del Libro Infantil y Juvenil\"},{\"@type\":\"BreadcrumbList\",\"@id\":\"https:\\\/\\\/etn.com.mx\\\/blog\\\/dia-internacional-del-libro-infantil-y-juvenil-2025\\\/#breadcrumb\",\"itemListElement\":[{\"@type\":\"ListItem\",\"position\":1,\"name\":\"Inicio Blog\",\"item\":\"https:\\\/\\\/etn.com.mx\\\/blog\\\/\"},{\"@type\":\"ListItem\",\"position\":2,\"name\":\"Cultura\",\"item\":\"https:\\\/\\\/etn.com.mx\\\/blog\\\/category\\\/cultura\\\/\"},{\"@type\":\"ListItem\",\"position\":3,\"name\":\"D\u00eda Internacional del Libro Infantil y Juvenil 2025\"}]},{\"@type\":\"WebSite\",\"@id\":\"https:\\\/\\\/etn.com.mx\\\/blog\\\/#website\",\"url\":\"https:\\\/\\\/etn.com.mx\\\/blog\\\/\",\"name\":\"Blog ETN\",\"description\":\"Blog ETN L\u00ednea de Autobuses de lujo con destinos a M\u00e9xico, Guadalajara, Morelia, Le\u00f3n, Quer\u00e9taro, San Luis Potos\u00ed, Monterrey, Acapulco y 24 estados de la rep\u00fablica.\",\"publisher\":{\"@id\":\"https:\\\/\\\/etn.com.mx\\\/blog\\\/#organization\"},\"alternateName\":\"Autobuses ETN Turistar\",\"potentialAction\":[{\"@type\":\"SearchAction\",\"target\":{\"@type\":\"EntryPoint\",\"urlTemplate\":\"https:\\\/\\\/etn.com.mx\\\/blog\\\/?s={search_term_string}\"},\"query-input\":{\"@type\":\"PropertyValueSpecification\",\"valueRequired\":true,\"valueName\":\"search_term_string\"}}],\"inLanguage\":\"es\"},{\"@type\":\"Organization\",\"@id\":\"https:\\\/\\\/etn.com.mx\\\/blog\\\/#organization\",\"name\":\"ETN Turistar Lujo\",\"alternateName\":\"Boletos de autobus ETN\",\"url\":\"https:\\\/\\\/etn.com.mx\\\/blog\\\/\",\"logo\":{\"@type\":\"ImageObject\",\"inLanguage\":\"es\",\"@id\":\"https:\\\/\\\/etn.com.mx\\\/blog\\\/#\\\/schema\\\/logo\\\/image\\\/\",\"url\":\"https:\\\/\\\/etn.com.mx\\\/blog\\\/wp-content\\\/uploads\\\/2023\\\/07\\\/logo-etnturistar.png\",\"contentUrl\":\"https:\\\/\\\/etn.com.mx\\\/blog\\\/wp-content\\\/uploads\\\/2023\\\/07\\\/logo-etnturistar.png\",\"width\":495,\"height\":52,\"caption\":\"ETN Turistar Lujo\"},\"image\":{\"@id\":\"https:\\\/\\\/etn.com.mx\\\/blog\\\/#\\\/schema\\\/logo\\\/image\\\/\"},\"sameAs\":[\"https:\\\/\\\/www.facebook.com\\\/etnturistar\\\/\",\"https:\\\/\\\/x.com\\\/ETNTURISTAR\"]},{\"@type\":\"Person\",\"@id\":\"https:\\\/\\\/etn.com.mx\\\/blog\\\/#\\\/schema\\\/person\\\/fffbc5e1d1ec1f41e0d89bfd4ecf6a82\",\"name\":\"ETN Turistar Boletos de autob\u00fas\",\"image\":{\"@type\":\"ImageObject\",\"inLanguage\":\"es\",\"@id\":\"https:\\\/\\\/secure.gravatar.com\\\/avatar\\\/377cbd78ae908164a584db6b641972aecb63e933e0c7a5b8999a91fe8815e82e?s=96&d=mm&r=g\",\"url\":\"https:\\\/\\\/secure.gravatar.com\\\/avatar\\\/377cbd78ae908164a584db6b641972aecb63e933e0c7a5b8999a91fe8815e82e?s=96&d=mm&r=g\",\"contentUrl\":\"https:\\\/\\\/secure.gravatar.com\\\/avatar\\\/377cbd78ae908164a584db6b641972aecb63e933e0c7a5b8999a91fe8815e82e?s=96&d=mm&r=g\",\"caption\":\"ETN Turistar Boletos de autob\u00fas\"},\"description\":\"Compra boletos de autob\u00fas con ETN y viaja a m\u00e1s de 60 destinos en M\u00e9xico. Disfruta los autobuses de lujo, seguridad y confort. \u00a1Reserva f\u00e1cil en l\u00ednea!\",\"sameAs\":[\"https:\\\/\\\/etn.com.mx\",\"https:\\\/\\\/www.facebook.com\\\/etnturistar\",\"https:\\\/\\\/www.instagram.com\\\/etn_turistar\",\"https:\\\/\\\/www.linkedin.com\\\/company\\\/etn-turistar-lujo\",\"https:\\\/\\\/www.youtube.com\\\/ETNTuristarLujo\"],\"url\":\"https:\\\/\\\/etn.com.mx\\\/blog\\\/author\\\/etnturistar\\\/\"}]}<\/script>\n<!-- \/ Yoast SEO plugin. -->","yoast_head_json":{"title":"D\u00eda Internacional del Libro Infantil y Juvenil 2025 | ETN Turistar","description":"Celebrar el D\u00eda Internacional del Libro Infantil y Juvenil 2025 con actividades creativas y eventos inspiradores. \u00a1Fomenta la lectura y la imaginaci\u00f3n en los ni\u00f1os y j\u00f3venes!","robots":{"index":"index","follow":"follow","max-snippet":"max-snippet:-1","max-image-preview":"max-image-preview:large","max-video-preview":"max-video-preview:-1"},"canonical":"https:\/\/etn.com.mx\/blog\/dia-internacional-del-libro-infantil-y-juvenil-2025\/","og_locale":"es_ES","og_type":"article","og_title":"D\u00eda Internacional del Libro Infantil y Juvenil 2025 | ETN Turistar","og_description":"Celebrar el D\u00eda Internacional del Libro Infantil y Juvenil 2025 con actividades creativas y eventos inspiradores. \u00a1Fomenta la lectura y la imaginaci\u00f3n en los ni\u00f1os y j\u00f3venes!","og_url":"https:\/\/etn.com.mx\/blog\/dia-internacional-del-libro-infantil-y-juvenil-2025\/","og_site_name":"Blog ETN Turistar","article_publisher":"https:\/\/www.facebook.com\/etnturistar\/","article_author":"https:\/\/www.facebook.com\/etnturistar","article_published_time":"2025-03-28T23:45:00+00:00","og_image":[{"width":1024,"height":1024,"url":"https:\/\/etn.com.mx\/blog\/wp-content\/uploads\/2025\/03\/dia-internacional-del-libro-infantil-y-juvenil.webp","type":"image\/webp"}],"author":"ETN Turistar Boletos de autob\u00fas","twitter_card":"summary_large_image","twitter_creator":"@ETNTURISTAR","twitter_site":"@ETNTURISTAR","twitter_misc":{"Escrito por":"ETN Turistar Boletos de autob\u00fas","Tiempo de lectura":"4 minutos"},"schema":{"@context":"https:\/\/schema.org","@graph":[{"@type":"Article","@id":"https:\/\/etn.com.mx\/blog\/dia-internacional-del-libro-infantil-y-juvenil-2025\/#article","isPartOf":{"@id":"https:\/\/etn.com.mx\/blog\/dia-internacional-del-libro-infantil-y-juvenil-2025\/"},"author":{"name":"ETN Turistar Boletos de autob\u00fas","@id":"https:\/\/etn.com.mx\/blog\/#\/schema\/person\/fffbc5e1d1ec1f41e0d89bfd4ecf6a82"},"headline":"D\u00eda Internacional del Libro Infantil y Juvenil 2025","datePublished":"2025-03-28T23:45:00+00:00","mainEntityOfPage":{"@id":"https:\/\/etn.com.mx\/blog\/dia-internacional-del-libro-infantil-y-juvenil-2025\/"},"wordCount":719,"commentCount":0,"publisher":{"@id":"https:\/\/etn.com.mx\/blog\/#organization"},"image":{"@id":"https:\/\/etn.com.mx\/blog\/dia-internacional-del-libro-infantil-y-juvenil-2025\/#primaryimage"},"thumbnailUrl":"https:\/\/etn.com.mx\/blog\/wp-content\/uploads\/2025\/03\/dia-internacional-del-libro-infantil-y-juvenil.webp","articleSection":["Cultura"],"inLanguage":"es","potentialAction":[{"@type":"CommentAction","name":"Comment","target":["https:\/\/etn.com.mx\/blog\/dia-internacional-del-libro-infantil-y-juvenil-2025\/#respond"]}]},{"@type":"WebPage","@id":"https:\/\/etn.com.mx\/blog\/dia-internacional-del-libro-infantil-y-juvenil-2025\/","url":"https:\/\/etn.com.mx\/blog\/dia-internacional-del-libro-infantil-y-juvenil-2025\/","name":"D\u00eda Internacional del Libro Infantil y Juvenil 2025 | ETN Turistar","isPartOf":{"@id":"https:\/\/etn.com.mx\/blog\/#website"},"primaryImageOfPage":{"@id":"https:\/\/etn.com.mx\/blog\/dia-internacional-del-libro-infantil-y-juvenil-2025\/#primaryimage"},"image":{"@id":"https:\/\/etn.com.mx\/blog\/dia-internacional-del-libro-infantil-y-juvenil-2025\/#primaryimage"},"thumbnailUrl":"https:\/\/etn.com.mx\/blog\/wp-content\/uploads\/2025\/03\/dia-internacional-del-libro-infantil-y-juvenil.webp","datePublished":"2025-03-28T23:45:00+00:00","description":"Celebrar el D\u00eda Internacional del Libro Infantil y Juvenil 2025 con actividades creativas y eventos inspiradores. \u00a1Fomenta la lectura y la imaginaci\u00f3n en los ni\u00f1os y j\u00f3venes!","breadcrumb":{"@id":"https:\/\/etn.com.mx\/blog\/dia-internacional-del-libro-infantil-y-juvenil-2025\/#breadcrumb"},"inLanguage":"es","potentialAction":[{"@type":"ReadAction","target":["https:\/\/etn.com.mx\/blog\/dia-internacional-del-libro-infantil-y-juvenil-2025\/"]}]},{"@type":"ImageObject","inLanguage":"es","@id":"https:\/\/etn.com.mx\/blog\/dia-internacional-del-libro-infantil-y-juvenil-2025\/#primaryimage","url":"https:\/\/etn.com.mx\/blog\/wp-content\/uploads\/2025\/03\/dia-internacional-del-libro-infantil-y-juvenil.webp","contentUrl":"https:\/\/etn.com.mx\/blog\/wp-content\/uploads\/2025\/03\/dia-internacional-del-libro-infantil-y-juvenil.webp","width":1024,"height":1024,"caption":"D\u00eda Internacional del Libro Infantil y Juvenil"},{"@type":"BreadcrumbList","@id":"https:\/\/etn.com.mx\/blog\/dia-internacional-del-libro-infantil-y-juvenil-2025\/#breadcrumb","itemListElement":[{"@type":"ListItem","position":1,"name":"Inicio Blog","item":"https:\/\/etn.com.mx\/blog\/"},{"@type":"ListItem","position":2,"name":"Cultura","item":"https:\/\/etn.com.mx\/blog\/category\/cultura\/"},{"@type":"ListItem","position":3,"name":"D\u00eda Internacional del Libro Infantil y Juvenil 2025"}]},{"@type":"WebSite","@id":"https:\/\/etn.com.mx\/blog\/#website","url":"https:\/\/etn.com.mx\/blog\/","name":"Blog ETN","description":"Blog ETN L\u00ednea de Autobuses de lujo con destinos a M\u00e9xico, Guadalajara, Morelia, Le\u00f3n, Quer\u00e9taro, San Luis Potos\u00ed, Monterrey, Acapulco y 24 estados de la rep\u00fablica.","publisher":{"@id":"https:\/\/etn.com.mx\/blog\/#organization"},"alternateName":"Autobuses ETN Turistar","potentialAction":[{"@type":"SearchAction","target":{"@type":"EntryPoint","urlTemplate":"https:\/\/etn.com.mx\/blog\/?s={search_term_string}"},"query-input":{"@type":"PropertyValueSpecification","valueRequired":true,"valueName":"search_term_string"}}],"inLanguage":"es"},{"@type":"Organization","@id":"https:\/\/etn.com.mx\/blog\/#organization","name":"ETN Turistar Lujo","alternateName":"Boletos de autobus ETN","url":"https:\/\/etn.com.mx\/blog\/","logo":{"@type":"ImageObject","inLanguage":"es","@id":"https:\/\/etn.com.mx\/blog\/#\/schema\/logo\/image\/","url":"https:\/\/etn.com.mx\/blog\/wp-content\/uploads\/2023\/07\/logo-etnturistar.png","contentUrl":"https:\/\/etn.com.mx\/blog\/wp-content\/uploads\/2023\/07\/logo-etnturistar.png","width":495,"height":52,"caption":"ETN Turistar Lujo"},"image":{"@id":"https:\/\/etn.com.mx\/blog\/#\/schema\/logo\/image\/"},"sameAs":["https:\/\/www.facebook.com\/etnturistar\/","https:\/\/x.com\/ETNTURISTAR"]},{"@type":"Person","@id":"https:\/\/etn.com.mx\/blog\/#\/schema\/person\/fffbc5e1d1ec1f41e0d89bfd4ecf6a82","name":"ETN Turistar Boletos de autob\u00fas","image":{"@type":"ImageObject","inLanguage":"es","@id":"https:\/\/secure.gravatar.com\/avatar\/377cbd78ae908164a584db6b641972aecb63e933e0c7a5b8999a91fe8815e82e?s=96&d=mm&r=g","url":"https:\/\/secure.gravatar.com\/avatar\/377cbd78ae908164a584db6b641972aecb63e933e0c7a5b8999a91fe8815e82e?s=96&d=mm&r=g","contentUrl":"https:\/\/secure.gravatar.com\/avatar\/377cbd78ae908164a584db6b641972aecb63e933e0c7a5b8999a91fe8815e82e?s=96&d=mm&r=g","caption":"ETN Turistar Boletos de autob\u00fas"},"description":"Compra boletos de autob\u00fas con ETN y viaja a m\u00e1s de 60 destinos en M\u00e9xico. Disfruta los autobuses de lujo, seguridad y confort. \u00a1Reserva f\u00e1cil en l\u00ednea!","sameAs":["https:\/\/etn.com.mx","https:\/\/www.facebook.com\/etnturistar","https:\/\/www.instagram.com\/etn_turistar","https:\/\/www.linkedin.com\/company\/etn-turistar-lujo","https:\/\/www.youtube.com\/ETNTuristarLujo"],"url":"https:\/\/etn.com.mx\/blog\/author\/etnturistar\/"}]}},"_links":{"self":[{"href":"https:\/\/etn.com.mx\/blog\/wp-json\/wp\/v2\/posts\/4927","targetHints":{"allow":["GET"]}}],"collection":[{"href":"https:\/\/etn.com.mx\/blog\/wp-json\/wp\/v2\/posts"}],"about":[{"href":"https:\/\/etn.com.mx\/blog\/wp-json\/wp\/v2\/types\/post"}],"author":[{"embeddable":true,"href":"https:\/\/etn.com.mx\/blog\/wp-json\/wp\/v2\/users\/15"}],"replies":[{"embeddable":true,"href":"https:\/\/etn.com.mx\/blog\/wp-json\/wp\/v2\/comments?post=4927"}],"version-history":[{"count":6,"href":"https:\/\/etn.com.mx\/blog\/wp-json\/wp\/v2\/posts\/4927\/revisions"}],"predecessor-version":[{"id":4935,"href":"https:\/\/etn.com.mx\/blog\/wp-json\/wp\/v2\/posts\/4927\/revisions\/4935"}],"wp:featuredmedia":[{"embeddable":true,"href":"https:\/\/etn.com.mx\/blog\/wp-json\/wp\/v2\/media\/4932"}],"wp:attachment":[{"href":"https:\/\/etn.com.mx\/blog\/wp-json\/wp\/v2\/media?parent=4927"}],"wp:term":[{"taxonomy":"category","embeddable":true,"href":"https:\/\/etn.com.mx\/blog\/wp-json\/wp\/v2\/categories?post=4927"},{"taxonomy":"post_tag","embeddable":true,"href":"https:\/\/etn.com.mx\/blog\/wp-json\/wp\/v2\/tags?post=4927"}],"curies":[{"name":"wp","href":"https:\/\/api.w.org\/{rel}","templated":true}]}}